{"id":10017,"date":"2025-09-11T09:54:58","date_gmt":"2025-09-11T09:54:58","guid":{"rendered":"https:\/\/freiheitsdenkmal-leipzig.de\/?p=10017"},"modified":"2025-09-11T10:20:22","modified_gmt":"2025-09-11T10:20:22","slug":"frei_raum_startet","status":"publish","type":"post","link":"https:\/\/freiheitsdenkmal-leipzig.de\/en\/frei_raum_startet","title":{"rendered":"FREI_RAUM 2025 startet am 1. Oktober!"},"content":{"rendered":"<section  class='av_textblock_section av-lw7h77a1-da9034679ce2bcb47c6a9fd160f6fc5a'   itemscope=\"itemscope\" itemtype=\"https:\/\/schema.org\/BlogPosting\" itemprop=\"blogPost\" ><div class='avia_textblock'  itemprop=\"text\" ><h3>FREI_RAUM 2025 startet am 1. Oktober!<\/h3>\n<\/div><\/section>\n<div  class='avia-slideshow av-lw7h45hq-0e7eb0d155d0af648b746ea5bd6c7616 avia-slideshow-featured av_slideshow avia-slide-slider  avia-builder-el-1  el_after_av_textblock  el_before_av_textblock  av-slideshow-ui av-control-default av-slideshow-manual av-loop-once av-loop-manual-endless av-default-height-applied avia-slideshow-1' data-slideshow-options=\"{&quot;animation&quot;:&quot;slide&quot;,&quot;autoplay&quot;:false,&quot;loop_autoplay&quot;:&quot;once&quot;,&quot;interval&quot;:5,&quot;loop_manual&quot;:&quot;manual-endless&quot;,&quot;autoplay_stopper&quot;:false,&quot;noNavigation&quot;:false,&quot;bg_slider&quot;:false,&quot;keep_padding&quot;:false,&quot;hoverpause&quot;:false,&quot;show_slide_delay&quot;:0}\"  itemprop=\"image\" itemscope=\"itemscope\" itemtype=\"https:\/\/schema.org\/ImageObject\" ><ul class='avia-slideshow-inner' style='padding-bottom: 28.666666666667%;'><li  class='avia-slideshow-slide av-lw7h45hq-0e7eb0d155d0af648b746ea5bd6c7616__0  slide-1 slide-odd'><div data-rel='slideshow-1' class='avia-slide-wrap'   ><img decoding=\"async\" fetchpriority=\"high\" class=\"wp-image-10018 avia-img-lazy-loading-not-10018\"  src=\"https:\/\/freiheitsdenkmal-leipzig.de\/wp-content\/uploads\/2025\/09\/IMG_1470-1500x430.jpg\" width=\"1500\" height=\"430\" title='IMG_1470' alt=''  itemprop=\"thumbnailUrl\"   \/><\/div><\/li><li  class='avia-slideshow-slide av-lw7h45hq-0e7eb0d155d0af648b746ea5bd6c7616__1  slide-2 slide-even'><div data-rel='slideshow-1' class='avia-slide-wrap'   ><img decoding=\"async\" fetchpriority=\"high\" class=\"wp-image-10019 avia-img-lazy-loading-not-10019\"  src=\"https:\/\/freiheitsdenkmal-leipzig.de\/wp-content\/uploads\/2025\/09\/IMG-20160901-WA0003-2-1044x430.jpg\" width=\"1044\" height=\"430\" title='IMG-20160901-WA0003-2' alt=''  itemprop=\"thumbnailUrl\"   \/><\/div><\/li><\/ul><div class='avia-slideshow-arrows avia-slideshow-controls' ><a href='#prev' class='prev-slide' aria-hidden='true' data-av_icon='\ue87c' data-av_iconfont='entypo-fontello'  tabindex='-1'>Previous<\/a><a href='#next' class='next-slide' aria-hidden='true' data-av_icon='\ue87d' data-av_iconfont='entypo-fontello'  tabindex='-1'>Next<\/a><\/div><div class='avia-slideshow-dots avia-slideshow-controls'><a href='#1' class='goto-slide active' >1<\/a><a href='#2' class='goto-slide' >2<\/a><\/div><\/div>\n<section  class='av_textblock_section av-4r0omd-1ae451fe050191f0201d293ffee77e95'   itemscope=\"itemscope\" itemtype=\"https:\/\/schema.org\/BlogPosting\" itemprop=\"blogPost\" ><div class='avia_textblock'  itemprop=\"text\" ><h4><a href=\"..\/freiraum\" target=\"_blank\" rel=\"noopener\">FREI_RAUM 2025: Am 1. Oktober geht es los!<\/a><\/h4>\n<p class=\"_ap3a _aaco _aacu _aacx _aad7 _aade\" dir=\"auto\">In weniger als drei Wochen geht es los: Der FREI_RAUM 2025 startet am 1. Oktober um 17 Uhr.<br \/>\nNach der Begr\u00fc\u00dfung pr\u00e4sentieren Jan Uplegger, Yumiko Tsubaki und Maria Hinze um 17.30 das Theaterst\u00fcck DIE VERMESSUNG DER DEMOKRATIE \u00fcber Wilhelm Leuschner. Und um 19.00 spielt das Trio RADA Synergica klangstarke Weltmusik.<\/p>\n<p>Weiter geht es vom 2.-8. Oktober mit Veranstaltungen zu Fu\u00dfball im Osten, dem Radweg \u201eEiserner Vorhang\u201c, Der Friedlichen Revolution in Original Filmmaterial, dem Ersten Leipziger Herbstsalon 1984 und nicht zuletzt unserem Live-Podcast \u201eWir sind das Volk\u201c: Am 7.10. sprechen Pierre Gehmlich und Bj\u00f6rn Menzel mit dem Entwurfsteam des Wettbewerbssiegers \u201eBanner, Fahnen, Transparente\u201c.<\/p>\n<p>Auf die Verstaltungen folgen meistens um 20 Uhr aktuelle Spiel- und Dokumentarfilme zum Thema, wie \u201eStasi FC\u201c, \u201eJenseits der blauen Grenze\u201c, \u201eZwei zu eins\u201c und \u201eGo, Clara, go\u201c<\/p>\n<p>Am 8.10. schlie\u00dft der FREI_RAUM mit einem gro\u00dfen Benefizkonzert f\u00fcr die Ukraine mit Batiar Gang aus Leipzig \u2013 und macht den Weg frei f\u00fcr die Feierlichkeiten zur Grundsteinlegung f\u00fcr das Freiheits- und Einheitsdenkmal im Rahmen des Lichtfests am 9. Oktober ab 20 Uhr.<br \/>\nU. a. mit der Urauff\u00fchrung des Chorwerks \u201eDer Mut wird nah bei uns sein\u201c mit Kinder- und Jugendch\u00f6ren aus Lyon und Leipzig &amp; Tanzperformance der Gerda-Taro-Schule<\/p>\n<p><a href=\"..\/freiraum\" target=\"_blank\" rel=\"noopener\">ausf\u00fchrliches Programm<\/a><\/p>\n<\/div><\/section>","protected":false},"excerpt":{"rendered":"","protected":false},"author":1,"featured_media":10018,"comment_status":"closed","ping_status":"open","sticky":false,"template":"","format":"standard","meta":{"footnotes":""},"categories":[19],"tags":[],"class_list":["post-10017","post","type-post","status-publish","format-standard","has-post-thumbnail","hentry","category-aktuelles"],"_links":{"self":[{"href":"https:\/\/freiheitsdenkmal-leipzig.de\/en\/wp-json\/wp\/v2\/posts\/10017"}],"collection":[{"href":"https:\/\/freiheitsdenkmal-leipzig.de\/en\/wp-json\/wp\/v2\/posts"}],"about":[{"href":"https:\/\/freiheitsdenkmal-leipzig.de\/en\/wp-json\/wp\/v2\/types\/post"}],"author":[{"embeddable":true,"href":"https:\/\/freiheitsdenkmal-leipzig.de\/en\/wp-json\/wp\/v2\/users\/1"}],"replies":[{"embeddable":true,"href":"https:\/\/freiheitsdenkmal-leipzig.de\/en\/wp-json\/wp\/v2\/comments?post=10017"}],"version-history":[{"count":8,"href":"https:\/\/freiheitsdenkmal-leipzig.de\/en\/wp-json\/wp\/v2\/posts\/10017\/revisions"}],"predecessor-version":[{"id":10021,"href":"https:\/\/freiheitsdenkmal-leipzig.de\/en\/wp-json\/wp\/v2\/posts\/10017\/revisions\/10021"}],"wp:featuredmedia":[{"embeddable":true,"href":"https:\/\/freiheitsdenkmal-leipzig.de\/en\/wp-json\/wp\/v2\/media\/10018"}],"wp:attachment":[{"href":"https:\/\/freiheitsdenkmal-leipzig.de\/en\/wp-json\/wp\/v2\/media?parent=10017"}],"wp:term":[{"taxonomy":"category","embeddable":true,"href":"https:\/\/freiheitsdenkmal-leipzig.de\/en\/wp-json\/wp\/v2\/categories?post=10017"},{"taxonomy":"post_tag","embeddable":true,"href":"https:\/\/freiheitsdenkmal-leipzig.de\/en\/wp-json\/wp\/v2\/tags?post=10017"}],"curies":[{"name":"wp","href":"https:\/\/api.w.org\/{rel}","templated":true}]}}