{"id":10071,"date":"2025-09-25T10:54:36","date_gmt":"2025-09-25T10:54:36","guid":{"rendered":"https:\/\/freiheitsdenkmal-leipzig.de\/?p=10071"},"modified":"2025-10-09T11:03:53","modified_gmt":"2025-10-09T11:03:53","slug":"frei_raum_startet-3","status":"publish","type":"post","link":"https:\/\/freiheitsdenkmal-leipzig.de\/en\/frei_raum_startet-3","title":{"rendered":"Grundsteinlegung am 9. Oktober!"},"content":{"rendered":"<section  class='av_textblock_section av-lw7h77a1-da9034679ce2bcb47c6a9fd160f6fc5a'   itemscope=\"itemscope\" itemtype=\"https:\/\/schema.org\/BlogPosting\" itemprop=\"blogPost\" ><div class='avia_textblock'  itemprop=\"text\" ><h3>9. Oktober: Grundsteinlegung zum Freiheits- und Einheitsdenkmal in Leipzig<\/h3>\n<\/div><\/section>\n<div  class='avia-slideshow av-lw7h45hq-0e7eb0d155d0af648b746ea5bd6c7616 avia-slideshow-featured av_slideshow avia-slide-slider  avia-builder-el-1  el_after_av_textblock  el_before_av_textblock  av-slideshow-ui av-control-default av-slideshow-manual av-loop-once av-loop-manual-endless av-default-height-applied avia-slideshow-1' data-slideshow-options=\"{&quot;animation&quot;:&quot;slide&quot;,&quot;autoplay&quot;:false,&quot;loop_autoplay&quot;:&quot;once&quot;,&quot;interval&quot;:5,&quot;loop_manual&quot;:&quot;manual-endless&quot;,&quot;autoplay_stopper&quot;:false,&quot;noNavigation&quot;:false,&quot;bg_slider&quot;:false,&quot;keep_padding&quot;:false,&quot;hoverpause&quot;:false,&quot;show_slide_delay&quot;:0}\"  itemprop=\"image\" itemscope=\"itemscope\" itemtype=\"https:\/\/schema.org\/ImageObject\" ><ul class='avia-slideshow-inner' style='padding-bottom: 28.666666666667%;'><li  class='avia-slideshow-slide av-lw7h45hq-0e7eb0d155d0af648b746ea5bd6c7616__0  av-single-slide slide-1 slide-odd'><div data-rel='slideshow-1' class='avia-slide-wrap'   ><img decoding=\"async\" fetchpriority=\"high\" class=\"wp-image-9373 avia-img-lazy-loading-not-9373\"  src=\"https:\/\/freiheitsdenkmal-leipzig.de\/wp-content\/uploads\/2025\/06\/FED_BannerFahnenTransparente_fuer_Website-1500x430.jpg\" width=\"1500\" height=\"430\" title='FED_Banner,Fahnen,Transparente_fuer_Website' alt=''  itemprop=\"thumbnailUrl\" srcset=\"https:\/\/freiheitsdenkmal-leipzig.de\/wp-content\/uploads\/2025\/06\/FED_BannerFahnenTransparente_fuer_Website-1500x430.jpg 1500w, https:\/\/freiheitsdenkmal-leipzig.de\/wp-content\/uploads\/2025\/06\/FED_BannerFahnenTransparente_fuer_Website-18x6.jpg 18w\" sizes=\"(max-width: 1500px) 100vw, 1500px\" \/><\/div><\/li><\/ul><\/div>\n<section  class='av_textblock_section av-4r0omd-1ae451fe050191f0201d293ffee77e95'   itemscope=\"itemscope\" itemtype=\"https:\/\/schema.org\/BlogPosting\" itemprop=\"blogPost\" ><div class='avia_textblock'  itemprop=\"text\" ><h4><strong>Grundsteinlegung f\u00fcr das Freiheits- und Einheitsdenkmal<\/strong><\/h4>\n<div class=\"default-style\">Wenn der \u00a0FREI_RAUM am 8.10 endet, macht er den Weg auf dem Wilhelm-Leuschner-Platz frei f\u00fcr die Feierlichkeiten zur Grundsteinlegung f\u00fcr das Freiheits- und Einheitsdenkmal im Rahmen des Lichtfests am 9. Oktober ab 20 Uhr.<\/div>\n<p class=\"default-style\"><em>Ungef\u00e4hrer Zeitplan am 9. Oktober 20\u201222 Uhr:<\/em><\/p>\n<div>\n<ul>\n<li>Begr\u00fc\u00dfung und Festakt<\/li>\n<li>Urauff\u00fchrung Chorwerk \u201eDer Mut wird nah bei uns sein\u201c mit Kinder- und Jugendch\u00f6ren aus Lyon und Leipzig &amp; Tanzperformance<\/li>\n<li>Gespr\u00e4ch auf der B\u00fchne mit Ehreng\u00e4sten<\/li>\n<\/ul>\n<\/div>\n<div class=\"default-style\">Der Festakt wird von der Urauff\u00fchrung des Chorwerks \u201eDer Mut wird nah bei uns sein\u201c mit Kinder- und Jugendch\u00f6ren aus Lyon und Leipzig sowie mit einer Tanzperformance der Gerda-Taro-Schule stimmungsvoll umrahmt.<\/div>\n<div class=\"default-style\">In einem Talk werden u.a. Kulturstaatsminister Wolfram Weimer, der s\u00e4chsische Ministerpr\u00e4sident Michael Kretschmer und der Leipziger Oberb\u00fcrgermeister Burkhard Jung sprechen.<\/div>\n<div>Wir laden Sie herzlich ein, diesen besonderen Moment gemeinsam mit uns zu begehen. Eine Anmeldung ist nicht erforderlich \u2013 bringen Sie gern Familie, Freundinnen und Freunde oder Bekannte mit. Wir freuen uns sehr darauf, Sie vor Ort begr\u00fc\u00dfen zu d\u00fcrfen!<\/div>\n<\/div><\/section>","protected":false},"excerpt":{"rendered":"","protected":false},"author":1,"featured_media":9373,"comment_status":"closed","ping_status":"open","sticky":false,"template":"","format":"standard","meta":{"footnotes":""},"categories":[19],"tags":[],"class_list":["post-10071","post","type-post","status-publish","format-standard","has-post-thumbnail","hentry","category-aktuelles"],"_links":{"self":[{"href":"https:\/\/freiheitsdenkmal-leipzig.de\/en\/wp-json\/wp\/v2\/posts\/10071"}],"collection":[{"href":"https:\/\/freiheitsdenkmal-leipzig.de\/en\/wp-json\/wp\/v2\/posts"}],"about":[{"href":"https:\/\/freiheitsdenkmal-leipzig.de\/en\/wp-json\/wp\/v2\/types\/post"}],"author":[{"embeddable":true,"href":"https:\/\/freiheitsdenkmal-leipzig.de\/en\/wp-json\/wp\/v2\/users\/1"}],"replies":[{"embeddable":true,"href":"https:\/\/freiheitsdenkmal-leipzig.de\/en\/wp-json\/wp\/v2\/comments?post=10071"}],"version-history":[{"count":10,"href":"https:\/\/freiheitsdenkmal-leipzig.de\/en\/wp-json\/wp\/v2\/posts\/10071\/revisions"}],"predecessor-version":[{"id":10073,"href":"https:\/\/freiheitsdenkmal-leipzig.de\/en\/wp-json\/wp\/v2\/posts\/10071\/revisions\/10073"}],"wp:featuredmedia":[{"embeddable":true,"href":"https:\/\/freiheitsdenkmal-leipzig.de\/en\/wp-json\/wp\/v2\/media\/9373"}],"wp:attachment":[{"href":"https:\/\/freiheitsdenkmal-leipzig.de\/en\/wp-json\/wp\/v2\/media?parent=10071"}],"wp:term":[{"taxonomy":"category","embeddable":true,"href":"https:\/\/freiheitsdenkmal-leipzig.de\/en\/wp-json\/wp\/v2\/categories?post=10071"},{"taxonomy":"post_tag","embeddable":true,"href":"https:\/\/freiheitsdenkmal-leipzig.de\/en\/wp-json\/wp\/v2\/tags?post=10071"}],"curies":[{"name":"wp","href":"https:\/\/api.w.org\/{rel}","templated":true}]}}