{"id":10088,"date":"2025-10-13T06:34:13","date_gmt":"2025-10-13T06:34:13","guid":{"rendered":"https:\/\/freiheitsdenkmal-leipzig.de\/?p=10088"},"modified":"2025-10-13T13:17:56","modified_gmt":"2025-10-13T13:17:56","slug":"grundsteinlegung","status":"publish","type":"post","link":"https:\/\/freiheitsdenkmal-leipzig.de\/en\/grundsteinlegung","title":{"rendered":"Feierliche Grundsteinlegung f\u00fcr das Freiheits- und Einheitsdenkmal"},"content":{"rendered":"<section  class='av_textblock_section av-lw7h77a1-da9034679ce2bcb47c6a9fd160f6fc5a'   itemscope=\"itemscope\" itemtype=\"https:\/\/schema.org\/BlogPosting\" itemprop=\"blogPost\" ><div class='avia_textblock'  itemprop=\"text\" ><h3>Grundsteinlegung am 36. Jahrestag der gro\u00dfen Leipziger Montagsdemo<\/h3>\n<\/div><\/section>\n<div  class='avia-slideshow av-lw7h45hq-7f5cf5b233993b7e0a9855a794f5263c avia-slideshow-featured_large av_slideshow avia-slide-slider  avia-builder-el-1  el_after_av_textblock  el_before_av_textblock  av-slideshow-ui av-control-default av-slideshow-manual av-loop-once av-loop-manual-endless av-default-height-applied avia-slideshow-1' data-slideshow-options=\"{&quot;animation&quot;:&quot;slide&quot;,&quot;autoplay&quot;:false,&quot;loop_autoplay&quot;:&quot;once&quot;,&quot;interval&quot;:5,&quot;loop_manual&quot;:&quot;manual-endless&quot;,&quot;autoplay_stopper&quot;:false,&quot;noNavigation&quot;:false,&quot;bg_slider&quot;:false,&quot;keep_padding&quot;:false,&quot;hoverpause&quot;:false,&quot;show_slide_delay&quot;:0}\"  itemprop=\"image\" itemscope=\"itemscope\" itemtype=\"https:\/\/schema.org\/ImageObject\" ><ul class='avia-slideshow-inner' style='padding-bottom: 42%;'><li  class='avia-slideshow-slide av-lw7h45hq-7f5cf5b233993b7e0a9855a794f5263c__0  slide-1 slide-odd'><div data-rel='slideshow-1' class='avia-slide-wrap'   ><img decoding=\"async\" fetchpriority=\"high\" class=\"wp-image-10097 avia-img-lazy-loading-not-10097\"  src=\"https:\/\/freiheitsdenkmal-leipzig.de\/wp-content\/uploads\/2025\/10\/20251009_205747-b-1500x630.jpg\" width=\"1500\" height=\"630\" title='20251009_205747-b' alt=''  itemprop=\"thumbnailUrl\"   \/><\/div><\/li><li  class='avia-slideshow-slide av-lw7h45hq-7f5cf5b233993b7e0a9855a794f5263c__1  slide-2 slide-even'><div data-rel='slideshow-1' class='avia-slide-wrap'   ><img decoding=\"async\" fetchpriority=\"high\" class=\"wp-image-10100 avia-img-lazy-loading-not-10100\"  src=\"https:\/\/freiheitsdenkmal-leipzig.de\/wp-content\/uploads\/2025\/10\/20251009_202052-1500x630.jpg\" width=\"1500\" height=\"630\" title='20251009_202052' alt=''  itemprop=\"thumbnailUrl\"   \/><\/div><\/li><li  class='avia-slideshow-slide av-lw7h45hq-7f5cf5b233993b7e0a9855a794f5263c__2  slide-3 slide-odd'><div data-rel='slideshow-1' class='avia-slide-wrap'   ><img decoding=\"async\" fetchpriority=\"high\" class=\"wp-image-10101 avia-img-lazy-loading-not-10101\"  src=\"https:\/\/freiheitsdenkmal-leipzig.de\/wp-content\/uploads\/2025\/10\/20251009_202104-1500x630.jpg\" width=\"1500\" height=\"630\" title='20251009_202104' alt=''  itemprop=\"thumbnailUrl\"   \/><\/div><\/li><li  class='avia-slideshow-slide av-lw7h45hq-7f5cf5b233993b7e0a9855a794f5263c__3  slide-4 slide-even'><div data-rel='slideshow-1' class='avia-slide-wrap'   ><img decoding=\"async\" fetchpriority=\"high\" class=\"wp-image-10113 avia-img-lazy-loading-not-10113\"  src=\"https:\/\/freiheitsdenkmal-leipzig.de\/wp-content\/uploads\/2025\/10\/20251009_202617b-1500x630.jpg\" width=\"1500\" height=\"630\" title='20251009_202617b' alt=''  itemprop=\"thumbnailUrl\" srcset=\"https:\/\/freiheitsdenkmal-leipzig.de\/wp-content\/uploads\/2025\/10\/20251009_202617b-1500x630.jpg 1500w, https:\/\/freiheitsdenkmal-leipzig.de\/wp-content\/uploads\/2025\/10\/20251009_202617b-18x9.jpg 18w\" sizes=\"(max-width: 1500px) 100vw, 1500px\" \/><\/div><\/li><li  class='avia-slideshow-slide av-lw7h45hq-7f5cf5b233993b7e0a9855a794f5263c__4  slide-5 slide-odd'><div data-rel='slideshow-1' class='avia-slide-wrap'   ><img decoding=\"async\" fetchpriority=\"high\" class=\"wp-image-10122 avia-img-lazy-loading-not-10122\"  src=\"https:\/\/freiheitsdenkmal-leipzig.de\/wp-content\/uploads\/2025\/10\/20251009_210244-1-1500x630.jpg\" width=\"1500\" height=\"630\" title='20251009_210244' alt=''  itemprop=\"thumbnailUrl\"   \/><\/div><\/li><li  class='avia-slideshow-slide av-lw7h45hq-7f5cf5b233993b7e0a9855a794f5263c__5  slide-6 slide-even'><div data-rel='slideshow-1' class='avia-slide-wrap'   ><img decoding=\"async\" fetchpriority=\"high\" class=\"wp-image-10126 avia-img-lazy-loading-not-10126\"  src=\"https:\/\/freiheitsdenkmal-leipzig.de\/wp-content\/uploads\/2025\/10\/20251009_201015f-1500x630.jpg\" width=\"1500\" height=\"630\" title='20251009_201015f' alt=''  itemprop=\"thumbnailUrl\"   \/><\/div><\/li><li  class='avia-slideshow-slide av-lw7h45hq-7f5cf5b233993b7e0a9855a794f5263c__6  slide-7 slide-odd'><div data-rel='slideshow-1' class='avia-slide-wrap'   ><img decoding=\"async\" fetchpriority=\"high\" class=\"wp-image-10099 avia-img-lazy-loading-not-10099\"  src=\"https:\/\/freiheitsdenkmal-leipzig.de\/wp-content\/uploads\/2025\/10\/20251009_212018-1500x630.jpg\" width=\"1500\" height=\"630\" title='20251009_212018' alt=''  itemprop=\"thumbnailUrl\"   \/><\/div><\/li><li  class='avia-slideshow-slide av-lw7h45hq-7f5cf5b233993b7e0a9855a794f5263c__7  slide-8 slide-even'><div data-rel='slideshow-1' class='avia-slide-wrap'   ><img decoding=\"async\" fetchpriority=\"high\" class=\"wp-image-10098 avia-img-lazy-loading-not-10098\"  src=\"https:\/\/freiheitsdenkmal-leipzig.de\/wp-content\/uploads\/2025\/10\/20251009_212307-1500x630.jpg\" width=\"1500\" height=\"630\" title='20251009_212307' alt=''  itemprop=\"thumbnailUrl\"   \/><\/div><\/li><\/ul><div class='avia-slideshow-arrows avia-slideshow-controls' ><a href='#prev' class='prev-slide' aria-hidden='true' data-av_icon='\ue87c' data-av_iconfont='entypo-fontello'  tabindex='-1'>Previous<\/a><a href='#next' class='next-slide' aria-hidden='true' data-av_icon='\ue87d' data-av_iconfont='entypo-fontello'  tabindex='-1'>Next<\/a><\/div><div class='avia-slideshow-dots avia-slideshow-controls'><a href='#1' class='goto-slide active' >1<\/a><a href='#2' class='goto-slide' >2<\/a><a href='#3' class='goto-slide' >3<\/a><a href='#4' class='goto-slide' >4<\/a><a href='#5' class='goto-slide' >5<\/a><a href='#6' class='goto-slide' >6<\/a><a href='#7' class='goto-slide' >7<\/a><a href='#8' class='goto-slide' >8<\/a><\/div><\/div>\n<section  class='av_textblock_section av-4r0omd-1ae451fe050191f0201d293ffee77e95'   itemscope=\"itemscope\" itemtype=\"https:\/\/schema.org\/BlogPosting\" itemprop=\"blogPost\" ><div class='avia_textblock'  itemprop=\"text\" ><h4><strong>Es ist vollbracht!<\/strong><\/h4>\n<p>Am 9. Oktober fand im Rahmen des Lichtfests die Grundsteinlegung f\u00fcr das Freiheits- und Einheitsdenkmal in Leipzig statt. F\u00fcr unser Team war es ein gro\u00dfartiger, unvergesslicher Abend: vorl\u00e4ufiger H\u00f6hepunkt unserer Arbeit! Vielen Dank an alle, die selbst daf\u00fcr gearbeitet, den Prozess unterst\u00fctzt und mitgefeiert haben!<\/p>\n<p>Der Wilhelm-Leuschner-Platz war voll mit hunderten Menschen, die Stimmung war feierlich und fr\u00f6hlich.<\/p>\n<p>Die Journalistin Alexandra Gerlach f\u00fchrte durch den Abend und unterhielt sich mit den G\u00e4sten, wie dem Kulturstaatsminister Wolfram Weimer, dem S\u00e4chsischen Ministerpr\u00e4sidenten Michael Kretschmer, Leipzigs Oberb\u00fcrgermeister Burkhard Jung, die Leipziger Ehrenb\u00fcrgerin und Projektleiterin des Freiheits- und Einheitsdenkmals Gesine Oltmanns sowie der vielfach ausgezeichneten georgisch-deutschen Autorin, Theaterregisseurin und Dramatikerin Nino Haratischwili, die zuvor die Rede zur Demokratie in der Nikolaikirche gehalten hatte.<\/p>\n<p>Auch das vollst\u00e4ndige Entwurfsteam von \u201eBanner, Fahnen, Transparente\u201c und die Komponistin Winnie Br\u00fcckner kamen zu Wort.<\/p>\n<p>Die Urauff\u00fchrung von Br\u00fcckners Chorwerk \u201eUnser Mut wird nah bei uns sein&#8220; in Kooperation mit der Oper Leipzig war ein gro\u00dfer Erfolg. Wundersch\u00f6n klangen die Stimmen von 200 Kinder und Jugendlichen aus Leipzig und Lyon \u00fcber den Platz &#8211; und setzten ein musikalisches Zeichen f\u00fcr Freiheit und europ\u00e4ische Verbundenheit.<\/p>\n<p>Die Company der Gerda-Taro-Schule Leipzig bereichert die Grundsteinlegung mit t\u00e4nzerischen Sequenzen und enth\u00fcllte schlie\u00dflich den Grundstein.<\/p>\n<\/div><\/section>","protected":false},"excerpt":{"rendered":"","protected":false},"author":1,"featured_media":10092,"comment_status":"closed","ping_status":"open","sticky":false,"template":"","format":"standard","meta":{"footnotes":""},"categories":[19],"tags":[],"class_list":["post-10088","post","type-post","status-publish","format-standard","has-post-thumbnail","hentry","category-aktuelles"],"_links":{"self":[{"href":"https:\/\/freiheitsdenkmal-leipzig.de\/en\/wp-json\/wp\/v2\/posts\/10088"}],"collection":[{"href":"https:\/\/freiheitsdenkmal-leipzig.de\/en\/wp-json\/wp\/v2\/posts"}],"about":[{"href":"https:\/\/freiheitsdenkmal-leipzig.de\/en\/wp-json\/wp\/v2\/types\/post"}],"author":[{"embeddable":true,"href":"https:\/\/freiheitsdenkmal-leipzig.de\/en\/wp-json\/wp\/v2\/users\/1"}],"replies":[{"embeddable":true,"href":"https:\/\/freiheitsdenkmal-leipzig.de\/en\/wp-json\/wp\/v2\/comments?post=10088"}],"version-history":[{"count":19,"href":"https:\/\/freiheitsdenkmal-leipzig.de\/en\/wp-json\/wp\/v2\/posts\/10088\/revisions"}],"predecessor-version":[{"id":10130,"href":"https:\/\/freiheitsdenkmal-leipzig.de\/en\/wp-json\/wp\/v2\/posts\/10088\/revisions\/10130"}],"wp:featuredmedia":[{"embeddable":true,"href":"https:\/\/freiheitsdenkmal-leipzig.de\/en\/wp-json\/wp\/v2\/media\/10092"}],"wp:attachment":[{"href":"https:\/\/freiheitsdenkmal-leipzig.de\/en\/wp-json\/wp\/v2\/media?parent=10088"}],"wp:term":[{"taxonomy":"category","embeddable":true,"href":"https:\/\/freiheitsdenkmal-leipzig.de\/en\/wp-json\/wp\/v2\/categories?post=10088"},{"taxonomy":"post_tag","embeddable":true,"href":"https:\/\/freiheitsdenkmal-leipzig.de\/en\/wp-json\/wp\/v2\/tags?post=10088"}],"curies":[{"name":"wp","href":"https:\/\/api.w.org\/{rel}","templated":true}]}}