{"id":10163,"date":"2025-10-27T09:32:15","date_gmt":"2025-10-27T09:32:15","guid":{"rendered":"https:\/\/freiheitsdenkmal-leipzig.de\/?p=10163"},"modified":"2025-11-04T16:45:50","modified_gmt":"2025-11-04T16:45:50","slug":"video-grundsteinlegung","status":"publish","type":"post","link":"https:\/\/freiheitsdenkmal-leipzig.de\/en\/video-grundsteinlegung","title":{"rendered":"Video Grundsteinlegung online!"},"content":{"rendered":"<section  class='av_textblock_section av-lw7h77a1-da9034679ce2bcb47c6a9fd160f6fc5a'   itemscope=\"itemscope\" itemtype=\"https:\/\/schema.org\/BlogPosting\" itemprop=\"blogPost\" ><div class='avia_textblock'  itemprop=\"text\" ><h3>Video Grundsteinlegung online!<\/h3>\n<\/div><\/section>\n<div  class='flex_column av-qytmur-862367660b6f0391a3774bb637609d60 av_four_fifth  avia-builder-el-1  el_after_av_textblock  el_before_av_textblock  first flex_column_div  column-top-margin'     ><div  class='avia-video av-mh8xincv-1a7bd665583081a75462773ab35ba0d1 avia-video-16-9 av-no-preview-image avia-video-load-always av-lazyload-immediate av-lazyload-video-embed'  itemprop=\"video\" itemtype=\"https:\/\/schema.org\/VideoObject\"  data-original_url='https:\/\/www.youtube.com\/watch?v=QtUvwBxE9yg'><script type='text\/html' class='av-video-tmpl'><div class='avia-iframe-wrap'><iframe loading=\"lazy\" title=\"9. Oktober 2025 - Grundsteinlegung des Freiheits- und Einheitsdenkmals in Leipzig\" width=\"1500\" height=\"844\" src=\"https:\/\/www.youtube.com\/embed\/QtUvwBxE9yg?feature=oembed&autoplay=0&loop=0&controls=1&mute=0\" frameborder=\"0\" allow=\"accelerometer; autoplay; clipboard-write; encrypted-media; gyroscope; picture-in-picture; web-share\" referrerpolicy=\"strict-origin-when-cross-origin\" allowfullscreen><\/iframe><\/div><\/script><div class='av-click-to-play-overlay'><div class=\"avia_playpause_icon\"><\/div><\/div><\/div><\/div>\n<section  class='av_textblock_section av-4r0omd-1ae451fe050191f0201d293ffee77e95'   itemscope=\"itemscope\" itemtype=\"https:\/\/schema.org\/BlogPosting\" itemprop=\"blogPost\" ><div class='avia_textblock'  itemprop=\"text\" ><h4><strong>Der Abend des 9. Oktober: gro\u00dfe Feier auf dem Wilhelm-Leuschner-Platz<\/strong><\/h4>\n<p>Am 9. Oktober fand im Rahmen des Lichtfests die Grundsteinlegung f\u00fcr das Freiheits- und Einheitsdenkmal in Leipzig statt. Hunderte feierten am dem\u00a0Wilhelm-Leuschner-Platz mit.<br \/>\nWer sich den sch\u00f6nen Abend der Grundsteinlegung noch einmal anschauen m\u00f6chte oder ihn verpasst hat, kann dies ab sofort per Video tun \u2012 hier oder auf Youtube.<\/p>\n<p>Durch den Abend f\u00fchrte die Journalistin Alexandra Gerlach. G\u00e4ste waren Kulturstaatsminister Wolfram Weimer, der S\u00e4chsische Ministerpr\u00e4sidenten Michael Kretschmer, Leipzigs Oberb\u00fcrgermeister Burkhard Jung, die Leipziger Ehrenb\u00fcrgerin und Projektleiterin des Freiheits- und Einheitsdenkmals Gesine Oltmanns, die Festrednerin der Rede zur Demokratie 2025 Nino Haratischwili, die Mitglieder des Entwurfsteams: Clemens Zirkelbach, Peter Ille, Dirk L\u00e4mmel, Alexej Kolyschkow, Bea Meyer und Michael Grzesiak sowie die Komponistin Winnie Br\u00fcckner.<\/p>\n<p>Winnie Br\u00fcckners Chorwerk \u201eUnser Mut wird nah bei uns sein&#8220; wurde am 9.19.2025 in Kooperation mit der Oper Leipzig sowie Kinder- und Jugendch\u00f6ren aus Leipzig und Lyon uraufgef\u00fchrt.<br \/>\nDie Company der Gerda-Taro-Schule Leipzig bereichert die Grundsteinlegung mit t\u00e4nzerischen Sequenzen und enth\u00fcllte schlie\u00dflich den Grundstein.<\/p>\n<p>Foto: Martin Jehnichen<\/p>\n<\/div><\/section>","protected":false},"excerpt":{"rendered":"","protected":false},"author":1,"featured_media":10165,"comment_status":"closed","ping_status":"open","sticky":false,"template":"","format":"standard","meta":{"footnotes":""},"categories":[19],"tags":[],"class_list":["post-10163","post","type-post","status-publish","format-standard","has-post-thumbnail","hentry","category-aktuelles"],"_links":{"self":[{"href":"https:\/\/freiheitsdenkmal-leipzig.de\/en\/wp-json\/wp\/v2\/posts\/10163"}],"collection":[{"href":"https:\/\/freiheitsdenkmal-leipzig.de\/en\/wp-json\/wp\/v2\/posts"}],"about":[{"href":"https:\/\/freiheitsdenkmal-leipzig.de\/en\/wp-json\/wp\/v2\/types\/post"}],"author":[{"embeddable":true,"href":"https:\/\/freiheitsdenkmal-leipzig.de\/en\/wp-json\/wp\/v2\/users\/1"}],"replies":[{"embeddable":true,"href":"https:\/\/freiheitsdenkmal-leipzig.de\/en\/wp-json\/wp\/v2\/comments?post=10163"}],"version-history":[{"count":7,"href":"https:\/\/freiheitsdenkmal-leipzig.de\/en\/wp-json\/wp\/v2\/posts\/10163\/revisions"}],"predecessor-version":[{"id":10208,"href":"https:\/\/freiheitsdenkmal-leipzig.de\/en\/wp-json\/wp\/v2\/posts\/10163\/revisions\/10208"}],"wp:featuredmedia":[{"embeddable":true,"href":"https:\/\/freiheitsdenkmal-leipzig.de\/en\/wp-json\/wp\/v2\/media\/10165"}],"wp:attachment":[{"href":"https:\/\/freiheitsdenkmal-leipzig.de\/en\/wp-json\/wp\/v2\/media?parent=10163"}],"wp:term":[{"taxonomy":"category","embeddable":true,"href":"https:\/\/freiheitsdenkmal-leipzig.de\/en\/wp-json\/wp\/v2\/categories?post=10163"},{"taxonomy":"post_tag","embeddable":true,"href":"https:\/\/freiheitsdenkmal-leipzig.de\/en\/wp-json\/wp\/v2\/tags?post=10163"}],"curies":[{"name":"wp","href":"https:\/\/api.w.org\/{rel}","templated":true}]}}