{"id":10178,"date":"2025-10-31T10:00:44","date_gmt":"2025-10-31T10:00:44","guid":{"rendered":"https:\/\/freiheitsdenkmal-leipzig.de\/?p=10178"},"modified":"2025-11-03T16:18:14","modified_gmt":"2025-11-03T16:18:14","slug":"beatdemo","status":"publish","type":"post","link":"https:\/\/freiheitsdenkmal-leipzig.de\/en\/beatdemo","title":{"rendered":"Beatdemo heute vor 60 Jahren auf dem Wilhelm-Leuschner-Platz"},"content":{"rendered":"<section  class='av_textblock_section av-lw7h77a1-da9034679ce2bcb47c6a9fd160f6fc5a'   itemscope=\"itemscope\" itemtype=\"https:\/\/schema.org\/BlogPosting\" itemprop=\"blogPost\" ><div class='avia_textblock'  itemprop=\"text\" ><h3>31.10.1965 &#8211; Datum der Beatdemo wird Gedenkstein im Ziffernzug des Freiheits- und Einheitsdenkmals<\/h3>\n<\/div><\/section>\n<div  class='flex_column av-qytmur-862367660b6f0391a3774bb637609d60 av_four_fifth  avia-builder-el-1  el_after_av_textblock  el_before_av_textblock  first flex_column_div  column-top-margin'     ><div  class='avia-slideshow av-mhj0xws1-fd9d7c02bcd51a2eb55d6d3a8e0f2053 avia-slideshow-featured_large av_slideshow avia-slide-slider  avia-builder-el-2  avia-builder-el-no-sibling  av-slideshow-ui av-control-default av-slideshow-manual av-loop-once av-loop-manual-endless av-default-height-applied avia-slideshow-1' data-slideshow-options=\"{&quot;animation&quot;:&quot;slide&quot;,&quot;autoplay&quot;:false,&quot;loop_autoplay&quot;:&quot;once&quot;,&quot;interval&quot;:5,&quot;loop_manual&quot;:&quot;manual-endless&quot;,&quot;autoplay_stopper&quot;:false,&quot;noNavigation&quot;:false,&quot;bg_slider&quot;:false,&quot;keep_padding&quot;:false,&quot;hoverpause&quot;:false,&quot;show_slide_delay&quot;:0}\"  itemprop=\"image\" itemscope=\"itemscope\" itemtype=\"https:\/\/schema.org\/ImageObject\" ><ul class='avia-slideshow-inner' style='padding-bottom: 42%;'><li  class='avia-slideshow-slide av-mhj0xws1-fd9d7c02bcd51a2eb55d6d3a8e0f2053__0  slide-1 slide-odd'><div data-rel='slideshow-1' class='avia-slide-wrap'   ><img decoding=\"async\" fetchpriority=\"high\" class=\"wp-image-10179 avia-img-lazy-loading-not-10179\"  src=\"https:\/\/freiheitsdenkmal-leipzig.de\/wp-content\/uploads\/2025\/11\/20251029_121001-1500x630.jpg\" width=\"1500\" height=\"630\" title='20251029_121001' alt=''  itemprop=\"thumbnailUrl\"   \/><\/div><\/li><li  class='avia-slideshow-slide av-mhj0xws1-fd9d7c02bcd51a2eb55d6d3a8e0f2053__1  slide-2 slide-even'><div data-rel='slideshow-1' class='avia-slide-wrap'   ><img decoding=\"async\" fetchpriority=\"high\" class=\"wp-image-10180 avia-img-lazy-loading-not-10180\"  src=\"https:\/\/freiheitsdenkmal-leipzig.de\/wp-content\/uploads\/2025\/11\/20251029_121128-1500x630.jpg\" width=\"1500\" height=\"630\" title='20251029_121128' alt=''  itemprop=\"thumbnailUrl\"   \/><\/div><\/li><li  class='avia-slideshow-slide av-mhj0xws1-fd9d7c02bcd51a2eb55d6d3a8e0f2053__2  slide-3 slide-odd'><div data-rel='slideshow-1' class='avia-slide-wrap'   ><img decoding=\"async\" fetchpriority=\"high\" class=\"wp-image-10181 avia-img-lazy-loading-not-10181\"  src=\"https:\/\/freiheitsdenkmal-leipzig.de\/wp-content\/uploads\/2025\/11\/20251029_121144-1500x630.jpg\" width=\"1500\" height=\"630\" title='20251029_121144' alt=''  itemprop=\"thumbnailUrl\"   \/><\/div><\/li><li  class='avia-slideshow-slide av-mhj0xws1-fd9d7c02bcd51a2eb55d6d3a8e0f2053__3  slide-4 slide-even'><div data-rel='slideshow-1' class='avia-slide-wrap'   ><img decoding=\"async\" fetchpriority=\"high\" class=\"wp-image-10182 avia-img-lazy-loading-not-10182\"  src=\"https:\/\/freiheitsdenkmal-leipzig.de\/wp-content\/uploads\/2025\/11\/20251029_121331-1500x630.jpg\" width=\"1500\" height=\"630\" title='20251029_121331' alt=''  itemprop=\"thumbnailUrl\"   \/><\/div><\/li><\/ul><div class='avia-slideshow-arrows avia-slideshow-controls' ><a href='#prev' class='prev-slide' aria-hidden='true' data-av_icon='\ue87c' data-av_iconfont='entypo-fontello'  tabindex='-1'>Previous<\/a><a href='#next' class='next-slide' aria-hidden='true' data-av_icon='\ue87d' data-av_iconfont='entypo-fontello'  tabindex='-1'>Next<\/a><\/div><div class='avia-slideshow-dots avia-slideshow-controls'><a href='#1' class='goto-slide active' >1<\/a><a href='#2' class='goto-slide' >2<\/a><a href='#3' class='goto-slide' >3<\/a><a href='#4' class='goto-slide' >4<\/a><\/div><\/div><\/div>\n<section  class='av_textblock_section av-4r0omd-1ae451fe050191f0201d293ffee77e95'   itemscope=\"itemscope\" itemtype=\"https:\/\/schema.org\/BlogPosting\" itemprop=\"blogPost\" ><div class='avia_textblock'  itemprop=\"text\" ><h4><\/h4>\n<h4>Der Leipziger Beataufstand &#8211; vor 60 Jahren auf dem Wilhelm-Leuschner-Platz<\/h4>\n<p>In den fr\u00fchen 1960er Jahren fand die Beatmusik, wie \u00fcberall auf der Welt, auch in der DDR viele begeisterte Anh\u00e4nger. F\u00fcr viele Jugendliche war sie nicht nur Unterhaltung, sondern auch ein Ausdruck von Protest gegen staatliche Einschr\u00e4nkungen. Als die SED im Oktober 1965 alle Beat-Konzerte in Leipzig absagte und fast alle Bands verbot, organisierten zwei Jugendliche aus Markkleeberg eine Flugblattaktion. Sie riefen f\u00fcr den 31. Oktober 1965 zu einer Demonstration auf dem Wilhelm-Leuschner-Platz auf, um die Wiederzulassung der Beatbands zu fordern.<\/p>\n<p style=\"padding-left: 40px;\"><em>\u201eBeatfreunde! Wir finden uns am Sonntag, den 31.10.65, 10 Uhr auf dem Leuschnerplatz zum Protestmarsch ein.\u201c<\/em><\/p>\n<p>Rund 1.000 bis 2.000 Jugendliche folgten dem Aufruf. Doch Staatssicherheit und Volkspolizei beendeten den Protest gewaltsam. 264 Teilnehmende wurden festgenommen, etwa 100 von ihnen ohne Gerichtsverfahren zu Zwangsarbeit im Braunkohletagebau verurteilt. Die \u201eLeipziger Beatdemo\u201c gilt als eine der gr\u00f6\u00dften nicht genehmigten Demonstrationen der DDR vor 1989.<\/p>\n<p>Das Archiv B\u00fcrgerbewegung (ABL) macht heute mit einer <a href=\"https:\/\/archiv-buergerbewegung.de\/9-verein\/aktuelles\/765-60-jahrestag-der-leipziger-beatdemonstration-mit-grossem-konzert-event-und-weiteren-veranstaltungen\" target=\"_blank\" rel=\"noopener\"><strong>Ausstellung auf dem Wilhelm-Leuschner-Platz<\/strong><\/a> auf die Beatdemo genau vor 60 Jahren aufmerksam.<\/p>\n\n<style type=\"text\/css\" data-created_by=\"avia_inline_auto\" id=\"style-css-av-mazjfm-4a5a92a1b835cc60dd6838f7ea14bb8c\">\n.av_font_icon.av-mazjfm-4a5a92a1b835cc60dd6838f7ea14bb8c .av-icon-char{\nfont-size:40px;\nline-height:40px;\n}\n<\/style>\n<span  class='av_font_icon av-mazjfm-4a5a92a1b835cc60dd6838f7ea14bb8c avia_animate_when_visible av-icon-style- avia-icon-pos-left av-no-color avia-icon-animate'><span class='av-icon-char' aria-hidden='true' data-av_icon='\ue832' data-av_iconfont='entypo-fontello' ><\/span><\/span>\n<p class=\"_ap3a _aaco _aacu _aacx _aad7 _aade\" dir=\"auto\">Das Freiheits- und Einheitsdenkmal in Leipzig wird an dieses Datum mit einem Gedenkstein im &#8222;Ziffernzug&#8220; erinnern.<\/p>\n<\/div><\/section>","protected":false},"excerpt":{"rendered":"","protected":false},"author":1,"featured_media":10187,"comment_status":"closed","ping_status":"open","sticky":false,"template":"","format":"standard","meta":{"footnotes":""},"categories":[19],"tags":[],"class_list":["post-10178","post","type-post","status-publish","format-standard","has-post-thumbnail","hentry","category-aktuelles"],"_links":{"self":[{"href":"https:\/\/freiheitsdenkmal-leipzig.de\/en\/wp-json\/wp\/v2\/posts\/10178"}],"collection":[{"href":"https:\/\/freiheitsdenkmal-leipzig.de\/en\/wp-json\/wp\/v2\/posts"}],"about":[{"href":"https:\/\/freiheitsdenkmal-leipzig.de\/en\/wp-json\/wp\/v2\/types\/post"}],"author":[{"embeddable":true,"href":"https:\/\/freiheitsdenkmal-leipzig.de\/en\/wp-json\/wp\/v2\/users\/1"}],"replies":[{"embeddable":true,"href":"https:\/\/freiheitsdenkmal-leipzig.de\/en\/wp-json\/wp\/v2\/comments?post=10178"}],"version-history":[{"count":10,"href":"https:\/\/freiheitsdenkmal-leipzig.de\/en\/wp-json\/wp\/v2\/posts\/10178\/revisions"}],"predecessor-version":[{"id":10194,"href":"https:\/\/freiheitsdenkmal-leipzig.de\/en\/wp-json\/wp\/v2\/posts\/10178\/revisions\/10194"}],"wp:featuredmedia":[{"embeddable":true,"href":"https:\/\/freiheitsdenkmal-leipzig.de\/en\/wp-json\/wp\/v2\/media\/10187"}],"wp:attachment":[{"href":"https:\/\/freiheitsdenkmal-leipzig.de\/en\/wp-json\/wp\/v2\/media?parent=10178"}],"wp:term":[{"taxonomy":"category","embeddable":true,"href":"https:\/\/freiheitsdenkmal-leipzig.de\/en\/wp-json\/wp\/v2\/categories?post=10178"},{"taxonomy":"post_tag","embeddable":true,"href":"https:\/\/freiheitsdenkmal-leipzig.de\/en\/wp-json\/wp\/v2\/tags?post=10178"}],"curies":[{"name":"wp","href":"https:\/\/api.w.org\/{rel}","templated":true}]}}