{"id":10245,"date":"2025-12-18T12:53:14","date_gmt":"2025-12-18T12:53:14","guid":{"rendered":"https:\/\/freiheitsdenkmal-leipzig.de\/?p=10245"},"modified":"2025-12-18T13:07:10","modified_gmt":"2025-12-18T13:07:10","slug":"weihnachtspause_25","status":"publish","type":"post","link":"https:\/\/freiheitsdenkmal-leipzig.de\/en\/weihnachtspause_25","title":{"rendered":"Das Denkmalsteam verabschiedet sich in die Weihnachtspause"},"content":{"rendered":"<section  class='av_textblock_section av-lw7h77a1-da9034679ce2bcb47c6a9fd160f6fc5a'   itemscope=\"itemscope\" itemtype=\"https:\/\/schema.org\/BlogPosting\" itemprop=\"blogPost\" ><div class='avia_textblock'  itemprop=\"text\" ><h3>Das Denkmalsteam verabschiedet sich in die Weihnachtspause<\/h3>\n<\/div><\/section>\n<div  class='avia-slideshow av-lw7h45hq-7f5cf5b233993b7e0a9855a794f5263c avia-slideshow-featured_large av_slideshow avia-slide-slider  avia-builder-el-1  el_after_av_textblock  el_before_av_textblock  av-slideshow-ui av-control-default av-slideshow-manual av-loop-once av-loop-manual-endless av-default-height-applied avia-slideshow-1' data-slideshow-options=\"{&quot;animation&quot;:&quot;slide&quot;,&quot;autoplay&quot;:false,&quot;loop_autoplay&quot;:&quot;once&quot;,&quot;interval&quot;:5,&quot;loop_manual&quot;:&quot;manual-endless&quot;,&quot;autoplay_stopper&quot;:false,&quot;noNavigation&quot;:false,&quot;bg_slider&quot;:false,&quot;keep_padding&quot;:false,&quot;hoverpause&quot;:false,&quot;show_slide_delay&quot;:0}\"  itemprop=\"image\" itemscope=\"itemscope\" itemtype=\"https:\/\/schema.org\/ImageObject\" ><ul class='avia-slideshow-inner' style='padding-bottom: 42%;'><li  class='avia-slideshow-slide av-lw7h45hq-7f5cf5b233993b7e0a9855a794f5263c__0  slide-1 slide-odd'><div data-rel='slideshow-1' class='avia-slide-wrap'   ><img decoding=\"async\" fetchpriority=\"high\" class=\"wp-image-10247 avia-img-lazy-loading-not-10247\"  src=\"https:\/\/freiheitsdenkmal-leipzig.de\/wp-content\/uploads\/2025\/12\/251009Grundsteinlegung-Freiheits-und-Einheitsdenkmal_2407661-org-1500x630.jpg\" width=\"1500\" height=\"630\" title='251009Grundsteinlegung Freiheits und Einheitsdenkmal_2407661-org' alt=''  itemprop=\"thumbnailUrl\"   \/><\/div><\/li><li  class='avia-slideshow-slide av-lw7h45hq-7f5cf5b233993b7e0a9855a794f5263c__1  slide-2 slide-even'><div data-rel='slideshow-1' class='avia-slide-wrap'   ><img decoding=\"async\" fetchpriority=\"high\" class=\"wp-image-10248 avia-img-lazy-loading-not-10248\"  src=\"https:\/\/freiheitsdenkmal-leipzig.de\/wp-content\/uploads\/2025\/12\/20251029_121440-1500x630.jpg\" width=\"1500\" height=\"630\" title='20251029_121440' alt=''  itemprop=\"thumbnailUrl\"   \/><\/div><\/li><li  class='avia-slideshow-slide av-lw7h45hq-7f5cf5b233993b7e0a9855a794f5263c__2  slide-3 slide-odd'><div data-rel='slideshow-1' class='avia-slide-wrap'   ><img decoding=\"async\" fetchpriority=\"high\" class=\"wp-image-10252 avia-img-lazy-loading-not-10252\"  src=\"https:\/\/freiheitsdenkmal-leipzig.de\/wp-content\/uploads\/2025\/12\/20251029_121216-1500x630.jpg\" width=\"1500\" height=\"630\" title='20251029_121216' alt=''  itemprop=\"thumbnailUrl\"   \/><\/div><\/li><\/ul><div class='avia-slideshow-arrows avia-slideshow-controls' ><a href='#prev' class='prev-slide' aria-hidden='true' data-av_icon='\ue87c' data-av_iconfont='entypo-fontello'  tabindex='-1'>Previous<\/a><a href='#next' class='next-slide' aria-hidden='true' data-av_icon='\ue87d' data-av_iconfont='entypo-fontello'  tabindex='-1'>Next<\/a><\/div><div class='avia-slideshow-dots avia-slideshow-controls'><a href='#1' class='goto-slide active' >1<\/a><a href='#2' class='goto-slide' >2<\/a><a href='#3' class='goto-slide' >3<\/a><\/div><\/div>\n<section  class='av_textblock_section av-4r0omd-1ae451fe050191f0201d293ffee77e95'   itemscope=\"itemscope\" itemtype=\"https:\/\/schema.org\/BlogPosting\" itemprop=\"blogPost\" ><div class='avia_textblock'  itemprop=\"text\" ><h4>Weihnachtspause!<\/h4>\n<p>Wir verabschieden uns in die Weihnachtspause und w\u00fcnschen allen, die uns folgen und unterst\u00fctzen, die sich beteiligt, mit uns zusammen gearbeitet und gefeiert haben, friedliche Weihnachten und ein gl\u00fcckliches gesundes Neues Jahr 2026!<br \/>\n2025 war ein aufregendes, ereignis- und erfolgreiches Jahr hier im Denkmalprojekt:<\/p>\n<ul>\n<li>Unser Podcast \u201eWir sind das Volk\u201c ging live auf Ostreise in zahlreiche St\u00e4dte, begleitet von einer Pop-up-Ausstellung zum Sieger-Denkmalsentwurf \u201eBanner, Fahnen, Transparente\u201c<\/li>\n<li>der Theatrale Stadtrundgang aus Kinder-Perspektive \u201eFritzi war dabei\u201c wurde in Kooperation mit dem TDJW sehr erfolgreich fortgef\u00fchrt<\/li>\n<li>und wir haben vom 1. &#8211; 9. Oktober den FREI_RAUM 2025 \u2012 Kino, Kultur &amp; Dialog auf dem Weg zu einem Freiheits- und Einheitsdenkmal in Leipzig auf dem Wilhelm-Leuschner-Platzveranstaltet &#8211; mit gro\u00dfer Resonanz f\u00fcr unser Programm mit Filmen, Gespr\u00e4chen und Vortr\u00e4gen, Theater und Konzerten.<\/li>\n<\/ul>\n<p>Die absoluten Highlights 2025 waren nat\u00fcrlich, dass<\/p>\n<ul>\n<li>der Leipziger Stadtrat am 16. April mit deutlicher Mehrheit gr\u00fcnes Licht f\u00fcr den Bau des Freiheits- und Einheitsdenkmals in Leipzig gegeben hat.<\/li>\n<li>und am 9. Oktober auf dem Wilhelm-Leuschner-Platz im Rahmen des Lichtfests feierlich der Grundstein f\u00fcr das Denkmal gelegt wurde.<\/li>\n<\/ul>\n<p>Alles Gute f\u00fcr 2026 und bleiben Sie uns gewogen, auch wenn es hier ab 2026 etwas ruhiger wird, weil vor dem n\u00e4chsten Schritt &#8211; der Umsetzung des Denkmals &#8211; auf dem Leuschner-Platz noch einiges geschehen muss, der \u00d6kotopia-Park muss ja auch erst noch entstehen.<\/p>\n<\/div><\/section>","protected":false},"excerpt":{"rendered":"","protected":false},"author":1,"featured_media":10246,"comment_status":"closed","ping_status":"open","sticky":false,"template":"","format":"standard","meta":{"footnotes":""},"categories":[19],"tags":[],"class_list":["post-10245","post","type-post","status-publish","format-standard","has-post-thumbnail","hentry","category-aktuelles"],"_links":{"self":[{"href":"https:\/\/freiheitsdenkmal-leipzig.de\/en\/wp-json\/wp\/v2\/posts\/10245"}],"collection":[{"href":"https:\/\/freiheitsdenkmal-leipzig.de\/en\/wp-json\/wp\/v2\/posts"}],"about":[{"href":"https:\/\/freiheitsdenkmal-leipzig.de\/en\/wp-json\/wp\/v2\/types\/post"}],"author":[{"embeddable":true,"href":"https:\/\/freiheitsdenkmal-leipzig.de\/en\/wp-json\/wp\/v2\/users\/1"}],"replies":[{"embeddable":true,"href":"https:\/\/freiheitsdenkmal-leipzig.de\/en\/wp-json\/wp\/v2\/comments?post=10245"}],"version-history":[{"count":9,"href":"https:\/\/freiheitsdenkmal-leipzig.de\/en\/wp-json\/wp\/v2\/posts\/10245\/revisions"}],"predecessor-version":[{"id":10250,"href":"https:\/\/freiheitsdenkmal-leipzig.de\/en\/wp-json\/wp\/v2\/posts\/10245\/revisions\/10250"}],"wp:featuredmedia":[{"embeddable":true,"href":"https:\/\/freiheitsdenkmal-leipzig.de\/en\/wp-json\/wp\/v2\/media\/10246"}],"wp:attachment":[{"href":"https:\/\/freiheitsdenkmal-leipzig.de\/en\/wp-json\/wp\/v2\/media?parent=10245"}],"wp:term":[{"taxonomy":"category","embeddable":true,"href":"https:\/\/freiheitsdenkmal-leipzig.de\/en\/wp-json\/wp\/v2\/categories?post=10245"},{"taxonomy":"post_tag","embeddable":true,"href":"https:\/\/freiheitsdenkmal-leipzig.de\/en\/wp-json\/wp\/v2\/tags?post=10245"}],"curies":[{"name":"wp","href":"https:\/\/api.w.org\/{rel}","templated":true}]}}