{"id":10346,"date":"2026-02-20T10:50:20","date_gmt":"2026-02-20T10:50:20","guid":{"rendered":"https:\/\/freiheitsdenkmal-leipzig.de\/?p=10346"},"modified":"2026-02-27T10:55:58","modified_gmt":"2026-02-27T10:55:58","slug":"podcast-neue-staffel","status":"publish","type":"post","link":"https:\/\/freiheitsdenkmal-leipzig.de\/en\/podcast-neue-staffel","title":{"rendered":"Podcast: dritte Staffel?"},"content":{"rendered":"<section  class='av_textblock_section av-lw7h77a1-da9034679ce2bcb47c6a9fd160f6fc5a'   itemscope=\"itemscope\" itemtype=\"https:\/\/schema.org\/BlogPosting\" itemprop=\"blogPost\" ><div class='avia_textblock'  itemprop=\"text\" ><h4 class=\"_ap3a _aaco _aacu _aacx _aad7 _aade\" dir=\"auto\">Podcast: dritte Staffel?<\/h4>\n<\/div><\/section>\n<div  class='avia-slideshow av-lw7h45hq-7f5cf5b233993b7e0a9855a794f5263c avia-slideshow-featured_large av_slideshow avia-slide-slider  avia-builder-el-1  el_after_av_textblock  el_before_av_textblock  av-slideshow-ui av-control-default av-slideshow-manual av-loop-once av-loop-manual-endless av-default-height-applied avia-slideshow-1' data-slideshow-options=\"{&quot;animation&quot;:&quot;slide&quot;,&quot;autoplay&quot;:false,&quot;loop_autoplay&quot;:&quot;once&quot;,&quot;interval&quot;:5,&quot;loop_manual&quot;:&quot;manual-endless&quot;,&quot;autoplay_stopper&quot;:false,&quot;noNavigation&quot;:false,&quot;bg_slider&quot;:false,&quot;keep_padding&quot;:false,&quot;hoverpause&quot;:false,&quot;show_slide_delay&quot;:0}\"  itemprop=\"image\" itemscope=\"itemscope\" itemtype=\"https:\/\/schema.org\/ImageObject\" ><ul class='avia-slideshow-inner' style='padding-bottom: 33.333333333333%;'><li  class='avia-slideshow-slide av-lw7h45hq-7f5cf5b233993b7e0a9855a794f5263c__0  av-single-slide slide-1 slide-odd'><div data-rel='slideshow-1' class='avia-slide-wrap'   ><img decoding=\"async\" fetchpriority=\"high\" class=\"wp-image-10350 avia-img-lazy-loading-not-10350\"  src=\"https:\/\/freiheitsdenkmal-leipzig.de\/wp-content\/uploads\/2026\/02\/Design-ohne-Titel1-1500x500.png\" width=\"1500\" height=\"500\" title='Design ohne Titel(1)' alt=''  itemprop=\"thumbnailUrl\" srcset=\"https:\/\/freiheitsdenkmal-leipzig.de\/wp-content\/uploads\/2026\/02\/Design-ohne-Titel1-1500x500.png 1500w, https:\/\/freiheitsdenkmal-leipzig.de\/wp-content\/uploads\/2026\/02\/Design-ohne-Titel1-18x5.png 18w\" sizes=\"(max-width: 1500px) 100vw, 1500px\" \/><\/div><\/li><\/ul><\/div>\n<section  class='av_textblock_section av-4r0omd-1ae451fe050191f0201d293ffee77e95'   itemscope=\"itemscope\" itemtype=\"https:\/\/schema.org\/BlogPosting\" itemprop=\"blogPost\" ><div class='avia_textblock'  itemprop=\"text\" ><h4><strong>Planungen f\u00fcr eine weitere Podcast-Staffel<\/strong><\/h4>\n<p>2025 hat unser Podcast \u201eWir sind das Volk\u201c \u2012 produziert von Pierre Gehmlich und Bj\u00f6rn Menzel \u2012 den Schritt zum Live-Podcast\u00a0 gemacht und ist mit unterschiedlichen\u00a0 Fragestellungen zu seinen G\u00e4sten und seinem Publikum in sechs St\u00e4dte in Ostdeutschland gereist. Die Reise, die Gespr\u00e4che und der Austausch mit dem Publikum waren total spannend und ergebnisreich. Und das Publikumsinteresse an den bisher produzierten Folgen ist gro\u00df \u2012 im Februar 2026 haben wir die Marke 8000ste:r H\u00f6rer:in geknackt!<\/p>\n<p>Deshalb sind wir zur Zeit daran, eine Podcast-Fortsetzung und damit die dritte Staffel auf die Beine zu stellen. Wir hoffen, es klappt!<\/p>\n<\/div><\/section>","protected":false},"excerpt":{"rendered":"","protected":false},"author":1,"featured_media":10347,"comment_status":"closed","ping_status":"open","sticky":false,"template":"","format":"standard","meta":{"footnotes":""},"categories":[19],"tags":[],"class_list":["post-10346","post","type-post","status-publish","format-standard","has-post-thumbnail","hentry","category-aktuelles"],"_links":{"self":[{"href":"https:\/\/freiheitsdenkmal-leipzig.de\/en\/wp-json\/wp\/v2\/posts\/10346"}],"collection":[{"href":"https:\/\/freiheitsdenkmal-leipzig.de\/en\/wp-json\/wp\/v2\/posts"}],"about":[{"href":"https:\/\/freiheitsdenkmal-leipzig.de\/en\/wp-json\/wp\/v2\/types\/post"}],"author":[{"embeddable":true,"href":"https:\/\/freiheitsdenkmal-leipzig.de\/en\/wp-json\/wp\/v2\/users\/1"}],"replies":[{"embeddable":true,"href":"https:\/\/freiheitsdenkmal-leipzig.de\/en\/wp-json\/wp\/v2\/comments?post=10346"}],"version-history":[{"count":4,"href":"https:\/\/freiheitsdenkmal-leipzig.de\/en\/wp-json\/wp\/v2\/posts\/10346\/revisions"}],"predecessor-version":[{"id":10349,"href":"https:\/\/freiheitsdenkmal-leipzig.de\/en\/wp-json\/wp\/v2\/posts\/10346\/revisions\/10349"}],"wp:featuredmedia":[{"embeddable":true,"href":"https:\/\/freiheitsdenkmal-leipzig.de\/en\/wp-json\/wp\/v2\/media\/10347"}],"wp:attachment":[{"href":"https:\/\/freiheitsdenkmal-leipzig.de\/en\/wp-json\/wp\/v2\/media?parent=10346"}],"wp:term":[{"taxonomy":"category","embeddable":true,"href":"https:\/\/freiheitsdenkmal-leipzig.de\/en\/wp-json\/wp\/v2\/categories?post=10346"},{"taxonomy":"post_tag","embeddable":true,"href":"https:\/\/freiheitsdenkmal-leipzig.de\/en\/wp-json\/wp\/v2\/tags?post=10346"}],"curies":[{"name":"wp","href":"https:\/\/api.w.org\/{rel}","templated":true}]}}