{"id":10380,"date":"2026-03-12T11:47:38","date_gmt":"2026-03-12T11:47:38","guid":{"rendered":"https:\/\/freiheitsdenkmal-leipzig.de\/?p=10380"},"modified":"2026-03-18T09:07:51","modified_gmt":"2026-03-18T09:07:51","slug":"podcast-neue-staffel-2","status":"publish","type":"post","link":"https:\/\/freiheitsdenkmal-leipzig.de\/en\/podcast-neue-staffel-2","title":{"rendered":"Buchmesse in der DenkmalWerkstatt"},"content":{"rendered":"<section  class='av_textblock_section av-lw7h77a1-da9034679ce2bcb47c6a9fd160f6fc5a'   itemscope=\"itemscope\" itemtype=\"https:\/\/schema.org\/BlogPosting\" itemprop=\"blogPost\" ><div class='avia_textblock'  itemprop=\"text\" ><h4 class=\"_ap3a _aaco _aacu _aacx _aad7 _aade\" dir=\"auto\">Leipziger Buchmesse<\/h4>\n<\/div><\/section>\n<div  class='avia-slideshow av-lw7h45hq-7f5cf5b233993b7e0a9855a794f5263c avia-slideshow-featured_large av_slideshow avia-slide-slider  avia-builder-el-1  el_after_av_textblock  el_before_av_textblock  av-slideshow-ui av-control-default av-slideshow-manual av-loop-once av-loop-manual-endless av-default-height-applied avia-slideshow-1' data-slideshow-options=\"{&quot;animation&quot;:&quot;slide&quot;,&quot;autoplay&quot;:false,&quot;loop_autoplay&quot;:&quot;once&quot;,&quot;interval&quot;:5,&quot;loop_manual&quot;:&quot;manual-endless&quot;,&quot;autoplay_stopper&quot;:false,&quot;noNavigation&quot;:false,&quot;bg_slider&quot;:false,&quot;keep_padding&quot;:false,&quot;hoverpause&quot;:false,&quot;show_slide_delay&quot;:0}\"  itemprop=\"image\" itemscope=\"itemscope\" itemtype=\"https:\/\/schema.org\/ImageObject\" ><ul class='avia-slideshow-inner' style='padding-bottom: 33.333333333333%;'><li  class='avia-slideshow-slide av-lw7h45hq-7f5cf5b233993b7e0a9855a794f5263c__0  av-single-slide slide-1 slide-odd'><div data-rel='slideshow-1' class='avia-slide-wrap'   ><img decoding=\"async\" fetchpriority=\"high\" class=\"wp-image-10381 avia-img-lazy-loading-not-10381\"  src=\"https:\/\/freiheitsdenkmal-leipzig.de\/wp-content\/uploads\/2026\/03\/Design-ohne-Titel2-1500x500.png\" width=\"1500\" height=\"500\" title='Design ohne Titel(2)' alt=''  itemprop=\"thumbnailUrl\" srcset=\"https:\/\/freiheitsdenkmal-leipzig.de\/wp-content\/uploads\/2026\/03\/Design-ohne-Titel2-1500x500.png 1500w, https:\/\/freiheitsdenkmal-leipzig.de\/wp-content\/uploads\/2026\/03\/Design-ohne-Titel2-18x5.png 18w\" sizes=\"(max-width: 1500px) 100vw, 1500px\" \/><\/div><\/li><\/ul><\/div>\n<section  class='av_textblock_section av-4r0omd-1ae451fe050191f0201d293ffee77e95'   itemscope=\"itemscope\" itemtype=\"https:\/\/schema.org\/BlogPosting\" itemprop=\"blogPost\" ><div class='avia_textblock'  itemprop=\"text\" ><h4><strong>Buchmesse in der DenkmalWerkstatt<\/strong><\/h4>\n<p class=\"_ap3a _aaco _aacu _aacx _aad7 _aade\" dir=\"auto\">\u201eWo Geschichten uns verbinden&#8220; lautet das Motto der diesj\u00e4hrigen Leipziger Buchmesse.<br \/>\nAuch unsere DenkmalWerkstatt ist in diesem Jahr ein Ort f\u00fcr interessante Lesungen. Mit Themen, die uns als Stiftung Friedliche Revolution und dem Anliegen unseres Freiheits- und Einheitsdenkmals nah sind.<br \/>\nWir freuen uns, am 19. und 20. M\u00e4rz die T\u00fcren f\u00fcr das Lesefest &#8222;Leipzig liest!&#8220; zu \u00f6ffnen und laden alle herzlich ein.<\/p>\n<h5 class=\"_ap3a _aaco _aacu _aacx _aad7 _aade\" dir=\"auto\">19.3., 19 Uhr; Podiumsdiskussion<\/h5>\n<p class=\"_ap3a _aaco _aacu _aacx _aad7 _aade\" dir=\"auto\"><strong><a href=\"https:\/\/freiheitsdenkmal-leipzig.de\/en\/event\/buchmesse-podiumsdiskussion-demokratie-am-scheideweg\/\" target=\"_blank\" rel=\"noopener\">Demokratie am Scheideweg: Zwischen Populismus, Wahrheit und Verantwortung<\/a><\/strong><br \/>\nEin Panel mit: J\u00f6rg Baberowski \u2013 \u201eAm Volk vorbei&#8220;; Elisa Hoven \u2013 \u201eDas Ende der Wahrheit&#8220;; Marcel Hopp \u2013 \u201eWas geht mich das an?&#8220;<br \/>\nVeranstalter: Leipziger Messe GmbH<br \/>\nAb 16 Jahren, Anmeldung erforderlich: presse@stiftung-fr.de<\/p>\n<h5>20. 3., 19 Uhr; Lesung und Gespr\u00e4ch<\/h5>\n<p class=\"_ap3a _aaco _aacu _aacx _aad7 _aade\" dir=\"auto\"><a href=\"https:\/\/freiheitsdenkmal-leipzig.de\/en\/event\/buchmesse-martin-adam\/\" target=\"_blank\" rel=\"noopener\"><strong>Martin Adam, Eksperyment: Was wir aus Polens Kampf gegen den Rechtspopulismus lernen k\u00f6nnen.<\/strong><\/a><br \/>\nVeranstalter: Quadriga Verlag in der Bastei L\u00fcbbe AG<\/p>\n<p>Bereits am 18. M\u00e4rz, dem Tag der Demokratiegeschichte, findet im Caf\u00e9 Rique eine ganz besondere Veranstaltung statt:<\/p>\n<p class=\"tribe-events-single-event-title summary entry-title\"><a href=\"https:\/\/freiheitsdenkmal-leipzig.de\/en\/event\/tag-der-demokratiegeschichte\/\" target=\"_blank\" rel=\"noopener\"><strong>Zeitzeug:innengespr\u00e4ch und Erz\u00e4hlcaf\u00e9<\/strong><\/a><\/p>\n<p>mit Bettina und Hans-J\u00fcrgen R\u00f6der, ein deutsch-deutsches Journalistenehepaar, das die 1980er Jahre beruflich intensiv begleitet und die Friedliche Revolution aus n\u00e4chster N\u00e4he miterlebt hat.Im Anschluss geht die Veranstaltung in ein offenes Erz\u00e4hlcaf\u00e9 \u00fcber: Sie sind eingeladen, Ihre eigenen Erinnerungen, Erfahrungen und Geschichten aus der Zeit der Friedlichen Revolution zu teilen.<br \/>\nBringen Sie gerne alte Tageb\u00fccher, Notizen oder pers\u00f6nliche Dokumente mit, die Ihre Erinnerungen begleiten.<\/p>\n<p><em>Alle Veranstaltungen sind wie immer kostenlos.<\/em><\/p>\n<\/div><\/section>","protected":false},"excerpt":{"rendered":"","protected":false},"author":1,"featured_media":10381,"comment_status":"closed","ping_status":"open","sticky":false,"template":"","format":"standard","meta":{"footnotes":""},"categories":[19],"tags":[],"class_list":["post-10380","post","type-post","status-publish","format-standard","has-post-thumbnail","hentry","category-aktuelles"],"_links":{"self":[{"href":"https:\/\/freiheitsdenkmal-leipzig.de\/en\/wp-json\/wp\/v2\/posts\/10380"}],"collection":[{"href":"https:\/\/freiheitsdenkmal-leipzig.de\/en\/wp-json\/wp\/v2\/posts"}],"about":[{"href":"https:\/\/freiheitsdenkmal-leipzig.de\/en\/wp-json\/wp\/v2\/types\/post"}],"author":[{"embeddable":true,"href":"https:\/\/freiheitsdenkmal-leipzig.de\/en\/wp-json\/wp\/v2\/users\/1"}],"replies":[{"embeddable":true,"href":"https:\/\/freiheitsdenkmal-leipzig.de\/en\/wp-json\/wp\/v2\/comments?post=10380"}],"version-history":[{"count":4,"href":"https:\/\/freiheitsdenkmal-leipzig.de\/en\/wp-json\/wp\/v2\/posts\/10380\/revisions"}],"predecessor-version":[{"id":10411,"href":"https:\/\/freiheitsdenkmal-leipzig.de\/en\/wp-json\/wp\/v2\/posts\/10380\/revisions\/10411"}],"wp:featuredmedia":[{"embeddable":true,"href":"https:\/\/freiheitsdenkmal-leipzig.de\/en\/wp-json\/wp\/v2\/media\/10381"}],"wp:attachment":[{"href":"https:\/\/freiheitsdenkmal-leipzig.de\/en\/wp-json\/wp\/v2\/media?parent=10380"}],"wp:term":[{"taxonomy":"category","embeddable":true,"href":"https:\/\/freiheitsdenkmal-leipzig.de\/en\/wp-json\/wp\/v2\/categories?post=10380"},{"taxonomy":"post_tag","embeddable":true,"href":"https:\/\/freiheitsdenkmal-leipzig.de\/en\/wp-json\/wp\/v2\/tags?post=10380"}],"curies":[{"name":"wp","href":"https:\/\/api.w.org\/{rel}","templated":true}]}}