{"id":10428,"date":"2026-04-13T14:48:59","date_gmt":"2026-04-13T14:48:59","guid":{"rendered":"https:\/\/freiheitsdenkmal-leipzig.de\/?p=10428"},"modified":"2026-04-13T14:58:33","modified_gmt":"2026-04-13T14:58:33","slug":"pressespiegel","status":"publish","type":"post","link":"https:\/\/freiheitsdenkmal-leipzig.de\/en\/pressespiegel","title":{"rendered":"Pressespiegel zu Freiheits- und Einheitsdenkmal"},"content":{"rendered":"<section  class='av_textblock_section av-lw7h77a1-da9034679ce2bcb47c6a9fd160f6fc5a'   itemscope=\"itemscope\" itemtype=\"https:\/\/schema.org\/BlogPosting\" itemprop=\"blogPost\" ><div class='avia_textblock'  itemprop=\"text\" ><h4>Pressespiegel<\/h4>\n<\/div><\/section>\n<div  class='avia-slideshow av-lw7h45hq-7f5cf5b233993b7e0a9855a794f5263c avia-slideshow-featured_large av_slideshow avia-slide-slider  avia-builder-el-1  el_after_av_textblock  el_before_av_textblock  av-slideshow-ui av-control-default av-slideshow-manual av-loop-once av-loop-manual-endless av-default-height-applied avia-slideshow-1' data-slideshow-options=\"{&quot;animation&quot;:&quot;slide&quot;,&quot;autoplay&quot;:false,&quot;loop_autoplay&quot;:&quot;once&quot;,&quot;interval&quot;:5,&quot;loop_manual&quot;:&quot;manual-endless&quot;,&quot;autoplay_stopper&quot;:false,&quot;noNavigation&quot;:false,&quot;bg_slider&quot;:false,&quot;keep_padding&quot;:false,&quot;hoverpause&quot;:false,&quot;show_slide_delay&quot;:0}\"  itemprop=\"image\" itemscope=\"itemscope\" itemtype=\"https:\/\/schema.org\/ImageObject\" ><ul class='avia-slideshow-inner' style='padding-bottom: 33.333333333333%;'><li  class='avia-slideshow-slide av-lw7h45hq-7f5cf5b233993b7e0a9855a794f5263c__0  av-single-slide slide-1 slide-odd'><div data-rel='slideshow-1' class='avia-slide-wrap'   ><img decoding=\"async\" fetchpriority=\"high\" class=\"wp-image-10429 avia-img-lazy-loading-not-10429\"  src=\"https:\/\/freiheitsdenkmal-leipzig.de\/wp-content\/uploads\/2026\/04\/2-1500x500.png\" width=\"1500\" height=\"500\" title='2' alt=''  itemprop=\"thumbnailUrl\" srcset=\"https:\/\/freiheitsdenkmal-leipzig.de\/wp-content\/uploads\/2026\/04\/2-1500x500.png 1500w, https:\/\/freiheitsdenkmal-leipzig.de\/wp-content\/uploads\/2026\/04\/2-18x5.png 18w\" sizes=\"(max-width: 1500px) 100vw, 1500px\" \/><\/div><\/li><\/ul><\/div>\n<section  class='av_textblock_section av-4r0omd-1ae451fe050191f0201d293ffee77e95'   itemscope=\"itemscope\" itemtype=\"https:\/\/schema.org\/BlogPosting\" itemprop=\"blogPost\" ><div class='avia_textblock'  itemprop=\"text\" ><h4 class=\"_ap3a _aaco _aacu _aacx _aad7 _aade\" dir=\"auto\">Medienresonanz zum Freiheits- und Einheitsdenkmal in Leipzig<\/h4>\n<p>Die Leipziger Agentur <a href=\"https:\/\/www.brandvorwerk-pr.de\/\" target=\"_blank\" rel=\"noopener\"><strong>brandwerk.pr<\/strong><\/a>, die das Freiheits- und Einheitsdenkmal in Leipzig seit Jahren in Presseangelegenheiten begleitet, hat in einem frisch ver\u00f6ffentlichten <a href=\"https:\/\/freiheitsdenkmal-leipzig.de\/wp-content\/uploads\/2026\/04\/Pressespiegel_Januar2026.pdf\" target=\"_blank\" rel=\"noopener\"><strong>Pressespiegel<\/strong> <\/a>die Medienresonanz zum Denkmal qualitativ und quantitativ ausgewertet (Stand Dezember 2025)<\/p>\n<p>Im Zeitraum von August 2023 bis Oktober 2025 wurden insgesamt 443 Ver\u00f6ffentlichungen in allen Medienformen zum Freiheits- und Einheitsdenkmal in Leipzig registriert.<\/p>\n<p>Hinzu kommen sch\u00e4tzungsweise 30\u201350 weitere Beitr\u00e4ge in Unterausgaben regionaler Tageszeitungen, auf Infoseiten von St\u00e4dten und Tourismusorganisationen sowie in verschiedenen Stadt- und Kulturmagazinen. Eine Reihe von TV- und H\u00f6rfunkbeitr\u00e4gen in ARD, ZDF und MDR sind dabei in den Datenbanken nicht vollst\u00e4ndig abgebildet, sichern aber eine hohe Reichweite.<\/p>\n<p>Wichtige Ausgangspunkte f\u00fcr die Berichterstattung waren u. a. vier zentrale Pressekonferenzen und rund 50 Pressemitteilungen zu verschiedenen Anl\u00e4ssen.<\/p>\n<p>Die Zahl der Ver\u00f6ffentlichungen nimmt im Projektverlauf kontinuierlich und deutlich zu, mit einem klaren H\u00f6hepunkt rund um die Grundsteinlegung im Rahmen des Leipziger Lichtfestes am 9. Oktober 2025.<\/p>\n<p>Insgesamt ist der Tenor der Berichterstattung \u00fcberwiegend sachlich, positiv bis aktiv zustimmend. Es ist gelungen, das Projekt Freiheits- und Einheitsdenkmal in der deutschen Medienlandschaft vor allem mit folgenden Leitmotiven zu verankern:<\/p>\n<ul>\n<li>Erinnerung an die Friedliche Revolution 1989 in Leipzig als Ausgangspunkt der Deutschen Einheit<\/li>\n<li>Demokratie, Freiheit und Menschenrechte als Bezugspunkte f\u00fcr nachwachsende Generationen<\/li>\n<li>das Denkmal als Ort der Auseinandersetzung und Ermutigung, nicht nur als statisches Erinnerungszeichen<\/li>\n<\/ul>\n<\/div><\/section>","protected":false},"excerpt":{"rendered":"","protected":false},"author":1,"featured_media":10430,"comment_status":"closed","ping_status":"open","sticky":false,"template":"","format":"standard","meta":{"footnotes":""},"categories":[19],"tags":[],"class_list":["post-10428","post","type-post","status-publish","format-standard","has-post-thumbnail","hentry","category-aktuelles"],"_links":{"self":[{"href":"https:\/\/freiheitsdenkmal-leipzig.de\/en\/wp-json\/wp\/v2\/posts\/10428"}],"collection":[{"href":"https:\/\/freiheitsdenkmal-leipzig.de\/en\/wp-json\/wp\/v2\/posts"}],"about":[{"href":"https:\/\/freiheitsdenkmal-leipzig.de\/en\/wp-json\/wp\/v2\/types\/post"}],"author":[{"embeddable":true,"href":"https:\/\/freiheitsdenkmal-leipzig.de\/en\/wp-json\/wp\/v2\/users\/1"}],"replies":[{"embeddable":true,"href":"https:\/\/freiheitsdenkmal-leipzig.de\/en\/wp-json\/wp\/v2\/comments?post=10428"}],"version-history":[{"count":6,"href":"https:\/\/freiheitsdenkmal-leipzig.de\/en\/wp-json\/wp\/v2\/posts\/10428\/revisions"}],"predecessor-version":[{"id":10432,"href":"https:\/\/freiheitsdenkmal-leipzig.de\/en\/wp-json\/wp\/v2\/posts\/10428\/revisions\/10432"}],"wp:featuredmedia":[{"embeddable":true,"href":"https:\/\/freiheitsdenkmal-leipzig.de\/en\/wp-json\/wp\/v2\/media\/10430"}],"wp:attachment":[{"href":"https:\/\/freiheitsdenkmal-leipzig.de\/en\/wp-json\/wp\/v2\/media?parent=10428"}],"wp:term":[{"taxonomy":"category","embeddable":true,"href":"https:\/\/freiheitsdenkmal-leipzig.de\/en\/wp-json\/wp\/v2\/categories?post=10428"},{"taxonomy":"post_tag","embeddable":true,"href":"https:\/\/freiheitsdenkmal-leipzig.de\/en\/wp-json\/wp\/v2\/tags?post=10428"}],"curies":[{"name":"wp","href":"https:\/\/api.w.org\/{rel}","templated":true}]}}