{"id":6263,"date":"2024-05-27T11:17:36","date_gmt":"2024-05-27T11:17:36","guid":{"rendered":"https:\/\/freiheitsdenkmal-leipzig.de\/?p=6263"},"modified":"2024-05-27T11:19:14","modified_gmt":"2024-05-27T11:19:14","slug":"tdjw-fritzi-war-dabei-ein-theatraler-stadtrundgang-fuer-kinder","status":"publish","type":"post","link":"https:\/\/freiheitsdenkmal-leipzig.de\/en\/tdjw-fritzi-war-dabei-ein-theatraler-stadtrundgang-fuer-kinder","title":{"rendered":"TDJW: Fritzi war dabei \u2014 ein theatraler Stadtrundgang f\u00fcr Kinder"},"content":{"rendered":"<section  class='av_textblock_section av-4kuuiv-33b1503c011f55bb66d7ea39054d5082'   itemscope=\"itemscope\" itemtype=\"https:\/\/schema.org\/BlogPosting\" itemprop=\"blogPost\" ><div class='avia_textblock'  itemprop=\"text\" ><h1><strong>Fritzi war dabei \u2014 ein theatraler Stadtrundgang f\u00fcr Kinder<br \/>\nJuni 2024<br \/>\n<\/strong><\/h1>\n<\/div><\/section>\n\n<style type=\"text\/css\" data-created_by=\"avia_inline_auto\" id=\"style-css-av-lwovjb0i-0725504ce605553486225be6cfcae052\">\n.avia-image-container.av-lwovjb0i-0725504ce605553486225be6cfcae052 img.avia_image{\nbox-shadow:none;\n}\n.avia-image-container.av-lwovjb0i-0725504ce605553486225be6cfcae052 .av-image-caption-overlay-center{\ncolor:#ffffff;\n}\n<\/style>\n<div  class='avia-image-container av-lwovjb0i-0725504ce605553486225be6cfcae052 av-styling- avia-align-center  avia-builder-el-1  el_after_av_textblock  el_before_av_textblock  av-has-copyright av-copyright-always'   itemprop=\"image\" itemscope=\"itemscope\" itemtype=\"https:\/\/schema.org\/ImageObject\" ><div class=\"avia-image-container-inner\"><div class=\"avia-image-overlay-wrap\"><img decoding=\"async\" fetchpriority=\"high\" class='wp-image-6264 avia-img-lazy-loading-not-6264 avia_image' src=\"https:\/\/freiheitsdenkmal-leipzig.de\/wp-content\/uploads\/2024\/05\/20240429_TDJW_FRITZI_0092-1500x630.jpg\" alt='' title='TDJW Leipzig am 29.04.2024 \u201eFritzi\u201c'  height=\"630\" width=\"1500\"  itemprop=\"thumbnailUrl\"  \/><\/div><small class=\"avia-copyright\">Theater der jungen Welt<\/small><\/div><\/div>\n<section  class='av_textblock_section av-2icg5z-f08a110d74230e184974cc64a6d887dd'   itemscope=\"itemscope\" itemtype=\"https:\/\/schema.org\/BlogPosting\" itemprop=\"blogPost\" ><div class='avia_textblock'  itemprop=\"text\" ><p><strong>Termine nach Anmeldung<\/strong><\/p>\n<p>Unser Kooperationsprojekt mit dem Theater der Jungen Welt bietet auch im Juni theatrale Stadtrundg\u00e4nge f\u00fcr Grundschulklassen durch die Leipziger Innenstadt auf der Grundlage des gleichnamigen Kinderbuchs \u201eFritzi war dabei \u2014 eine Wendewundergeschichte\u201c nach dem Kinderbuch von Hanna Schott, in einer Bearbeitung von Katja Lehmann.<\/p>\n<p>Fragen und Anmeldungen bitte an: kontakt@tdjw.de<\/p>\n<p>Foto: \u00a9 Theater der jungen Welt<\/p>\n<p><a href=\"http:\/\/www.theaterderjungenweltleipzig.de\/wann-und-was\/stueckdetail\/fritzi-war-dabei\">Mehr Infos vom Theater der jungen Welt<\/a><\/p>\n<h3>Inhalt<\/h3>\n<p>Fritzi erinnert sich: Was geschah im Herbst 1989 in ihrer Heimatstadt Leipzig? \u2013 Nach den Sommerferien ist pl\u00f6tzlich alles anders. Fritzis Freundin Sophie ist nicht mehr da und zu Hause tuscheln ihre Eltern \u00fcber pl\u00f6tzlich abwesende Bekannte, die Grenzen, Flucht, Freiheit und die Mauer. Fritzis Mutter geht von nun an am Montagabend zum Friedensgebet in die Nikolaikirche, anschlie\u00dfend zur Demo. Und Fritzi ist dabei!<\/p>\n<p>Ausgehend von Hanna Schotts Kinderbuch \u201eFritzi war dabei. Eine Wendewundergeschichte\u201c erlebt das Publikum ab 8 Jahren einen theatralen Stadtrundgang aus Kinder-Perspektive zu den Leipziger Schaupl\u00e4tzen der Friedlichen Revolution 1989. Die Teilnehmenden treffen auf Fritzi, machen Sound-Zeitreisen, werden selbst aktiv und erfahren, wie viel Mut und Entschlossenheit die Menschen 1989 aufgebracht haben, um eine gro\u00dfe gesellschaftliche Ver\u00e4nderung zu bewirken.<\/p>\n<p>Auff\u00fchrungsrechte: Klett Kinderbuch Verlag Leipzig<\/p>\n<p>Achtung! Der theatrale Stadtrundgang FRITZI WAR DABEI beginnt immer in der DenkmalWerkstatt in Leipzigs Innenstadt: Grimmaische Stra\u00dfe 13-15, 04109 Leipzig (Hansahaus\/ Passage Specks Hof). Er findet Open-Air und bei jedem Wetter statt, weil es unterwegs immer wieder gesch\u00fctzte Standorte gibt. Bitte denken Sie\/ denkt je nach Wetterlage an regenfeste Bekleidung bzw. Sonnenschutz und Kopfbedeckung.<\/p>\n<p>Die Veranstaltungen sind kostenfrei.<\/p>\n<p>Eine Anmeldung vorab \u00fcber den TDJW-Ticketverkauf ist unbedingt erforderlich (0341. 486 60 16 \/ kartenanfragen@tdjw.de)<\/p>\n<\/div><\/section>","protected":false},"excerpt":{"rendered":"","protected":false},"author":5,"featured_media":6264,"comment_status":"closed","ping_status":"open","sticky":false,"template":"","format":"standard","meta":{"footnotes":""},"categories":[19],"tags":[],"class_list":["post-6263","post","type-post","status-publish","format-standard","has-post-thumbnail","hentry","category-aktuelles"],"_links":{"self":[{"href":"https:\/\/freiheitsdenkmal-leipzig.de\/en\/wp-json\/wp\/v2\/posts\/6263"}],"collection":[{"href":"https:\/\/freiheitsdenkmal-leipzig.de\/en\/wp-json\/wp\/v2\/posts"}],"about":[{"href":"https:\/\/freiheitsdenkmal-leipzig.de\/en\/wp-json\/wp\/v2\/types\/post"}],"author":[{"embeddable":true,"href":"https:\/\/freiheitsdenkmal-leipzig.de\/en\/wp-json\/wp\/v2\/users\/5"}],"replies":[{"embeddable":true,"href":"https:\/\/freiheitsdenkmal-leipzig.de\/en\/wp-json\/wp\/v2\/comments?post=6263"}],"version-history":[{"count":14,"href":"https:\/\/freiheitsdenkmal-leipzig.de\/en\/wp-json\/wp\/v2\/posts\/6263\/revisions"}],"predecessor-version":[{"id":6661,"href":"https:\/\/freiheitsdenkmal-leipzig.de\/en\/wp-json\/wp\/v2\/posts\/6263\/revisions\/6661"}],"wp:featuredmedia":[{"embeddable":true,"href":"https:\/\/freiheitsdenkmal-leipzig.de\/en\/wp-json\/wp\/v2\/media\/6264"}],"wp:attachment":[{"href":"https:\/\/freiheitsdenkmal-leipzig.de\/en\/wp-json\/wp\/v2\/media?parent=6263"}],"wp:term":[{"taxonomy":"category","embeddable":true,"href":"https:\/\/freiheitsdenkmal-leipzig.de\/en\/wp-json\/wp\/v2\/categories?post=6263"},{"taxonomy":"post_tag","embeddable":true,"href":"https:\/\/freiheitsdenkmal-leipzig.de\/en\/wp-json\/wp\/v2\/tags?post=6263"}],"curies":[{"name":"wp","href":"https:\/\/api.w.org\/{rel}","templated":true}]}}