{"id":6281,"date":"2024-05-27T11:37:18","date_gmt":"2024-05-27T11:37:18","guid":{"rendered":"https:\/\/freiheitsdenkmal-leipzig.de\/?p=6281"},"modified":"2024-05-27T11:50:50","modified_gmt":"2024-05-27T11:50:50","slug":"nachmittagsfilmejuni24","status":"publish","type":"post","link":"https:\/\/freiheitsdenkmal-leipzig.de\/en\/nachmittagsfilmejuni24","title":{"rendered":"Nachmittagsfilme Juni 2024"},"content":{"rendered":"<section  class='av_textblock_section av-4kuuiv-33b1503c011f55bb66d7ea39054d5082'   itemscope=\"itemscope\" itemtype=\"https:\/\/schema.org\/BlogPosting\" itemprop=\"blogPost\" ><div class='avia_textblock'  itemprop=\"text\" ><h1><strong>Unsere Nachmittagsfilme im Juni<br \/>\n<\/strong><\/h1>\n<\/div><\/section>\n\n<style type=\"text\/css\" data-created_by=\"avia_inline_auto\" id=\"style-css-av-lwovjb0i-ad4cb998dc127520a0df981219a97c13\">\n.avia-image-container.av-lwovjb0i-ad4cb998dc127520a0df981219a97c13 img.avia_image{\nbox-shadow:none;\n}\n.avia-image-container.av-lwovjb0i-ad4cb998dc127520a0df981219a97c13 .av-image-caption-overlay-center{\ncolor:#ffffff;\n}\n<\/style>\n<div  class='avia-image-container av-lwovjb0i-ad4cb998dc127520a0df981219a97c13 av-styling- avia-align-center  avia-builder-el-1  el_after_av_textblock  el_before_av_textblock  av-has-copyright av-copyright-always'   itemprop=\"image\" itemscope=\"itemscope\" itemtype=\"https:\/\/schema.org\/ImageObject\" ><div class=\"avia-image-container-inner\"><div class=\"avia-image-overlay-wrap\"><img decoding=\"async\" fetchpriority=\"high\" class='wp-image-6282 avia-img-lazy-loading-not-6282 avia_image' src=\"https:\/\/freiheitsdenkmal-leipzig.de\/wp-content\/uploads\/2024\/05\/nachmittagsfilme.png\" alt='' title='nachmittagsfilme'  height=\"1080\" width=\"1920\"  itemprop=\"thumbnailUrl\" srcset=\"https:\/\/freiheitsdenkmal-leipzig.de\/wp-content\/uploads\/2024\/05\/nachmittagsfilme.png 1920w, https:\/\/freiheitsdenkmal-leipzig.de\/wp-content\/uploads\/2024\/05\/nachmittagsfilme-300x169.png 300w, https:\/\/freiheitsdenkmal-leipzig.de\/wp-content\/uploads\/2024\/05\/nachmittagsfilme-1030x579.png 1030w, https:\/\/freiheitsdenkmal-leipzig.de\/wp-content\/uploads\/2024\/05\/nachmittagsfilme-768x432.png 768w, https:\/\/freiheitsdenkmal-leipzig.de\/wp-content\/uploads\/2024\/05\/nachmittagsfilme-1536x864.png 1536w, https:\/\/freiheitsdenkmal-leipzig.de\/wp-content\/uploads\/2024\/05\/nachmittagsfilme-18x10.png 18w, https:\/\/freiheitsdenkmal-leipzig.de\/wp-content\/uploads\/2024\/05\/nachmittagsfilme-1500x844.png 1500w, https:\/\/freiheitsdenkmal-leipzig.de\/wp-content\/uploads\/2024\/05\/nachmittagsfilme-705x397.png 705w\" sizes=\"(max-width: 1920px) 100vw, 1920px\" \/><\/div><small class=\"avia-copyright\">\u00a9 Sabine Michel (2018)<\/small><\/div><\/div>\n<section  class='av_textblock_section av-2icg5z-f08a110d74230e184974cc64a6d887dd'   itemscope=\"itemscope\" itemtype=\"https:\/\/schema.org\/BlogPosting\" itemprop=\"blogPost\" ><div class='avia_textblock'  itemprop=\"text\" ><p>In unserer Nachmittagsfilmreihe wollen wir verschiedene Facetten des allt\u00e4glichen Lebens und des politischen Systems der DDR beleuchten und diskutieren. Dazu zeigen wir Dokumentationen der Bundesstiftung Aufarbeitung, die unterschiedliche Themenkomplexe und historische Ereignisse rekonstruieren und verschiedene Perspektiven zu Wort kommen lassen.<\/p>\n<p><strong>Der Eintritt ist kostenfrei und der Zugang barrierefrei.<\/strong><\/p>\n<p><strong>Veranstaltungsort ist die Denkmalwerkstatt der Stiftung Friedliche Revolution: Hansahaus, Grimmaische Stra\u00dfe 13-15, 04109 Leipzig<\/strong><\/p>\n<h3><strong>&#8222;Ulbrichts Wirtschaftswunder \u2013 Wie die DDR den Westen \u00fcberholen wollte&#8220;<\/strong><\/h3>\n<p><strong>4. Juni, 16:00 Uhr <\/strong><\/p>\n<p><strong>von Thomas Eichberg, 2017, 45 Minuten<\/strong><\/p>\n<p>\u201e\u00dcberholen ohne einzuholen\u201c \u2013 dieses von Walter Ulbricht aus dem Jahre 1969 proklamierte Ziel der Wirtschafts- und Sozialpolitik der DDR sollte die vermeintliche \u00dcberlegenheit des Sozialismus durch wirtschaftliche Erfolge deutlich machen. Die filmische Dokumentation \u201eUlbrichts Wirtschaftswunder \u2013 Wie die DDR den Westen \u00fcberholen wollte\u201c von Thomas Eichberg geht der Frage nach, wie die Verantwortlichen in der DDR in den 1960er Jahren glaubten, dieses Ziel erreichen zu k\u00f6nnen. Damit erz\u00e4hlt der von der Bundesstiftung zur Aufarbeitung der SED-Diktatur gef\u00f6rderte Film ein fast vergessenes St\u00fcck realpolitischer Wirtschaftsgeschichte.<\/p>\n<h3><strong>&#8222;Auslandskader \u2013 Botschafter des Sozialismus&#8220;<\/strong><\/h3>\n<p><strong>11. Juni, <\/strong><strong>16:00 Uhr<\/strong><\/p>\n<p><strong>von Sabine Michel, 2018, 44 Minuten<\/strong><\/p>\n<p>Auslandskader waren meist Lehrer, \u00c4rzte und Ingenieure, die sich in der Regel f\u00fcr jeweils drei Jahre Aufenthalt in den L\u00e4ndern der Dritten Welt verpflichteten, um hier an Schulen und Universit\u00e4ten zu lehren, ganze Industrieanlagen aufzubauen, Land- und Kommunikationstechnik einzuf\u00fchren oder Krankenh\u00e4user zu betreiben. Sie waren eine privilegierte Minderheit, die sich einem entsprechend strengen Auswahlverfahren stellen musste. Aus dem geschlossenen System DDR kommend, sollten sie, gemeinsam mit ihren Familien, in den Zeiten des Kalten Krieges neben der praktischen Entwicklungshilfe vor allem die Idee des Sozialismus in die Welt tragen.<\/p>\n<p>F\u00fcr die Dokumentation befragt Sabine Michel ihren Vater, der selbst dazu geh\u00f6rte, und weitere Auslandskader nach ihren Erinnerungen. Mit bewegendem Archivmaterial erz\u00e4hlt sie von sehr unterschiedlichen Auslandseins\u00e4tzen und dem Spannungsfeld von Au\u00dfen- und Innenpolitik der DDR.<\/p>\n<h3><strong>&#8222;Mit dem Cadillac durch die Mauer. Fluchthelfer im Kalten Krieg&#8220;<\/strong><\/h3>\n<p><strong>25. Juni, <\/strong><strong>16:00 Uhr <\/strong><\/p>\n<p>von Hans Sparschuh und Rainer Burmeister, 2015, 45 Minuten<\/p>\n<p>Bis zum Ende der DDR diffamieren die SED-Medien Fluchthilfeorganisationen als &#8222;kriminelle Schleuserbanden&#8220;. Fluchthilfe gilt als &#8222;Staatsfeindlicher Menschenhandel&#8220;. Dieses Propagandaklischee \u00fcbernehmen zum Teil auch Medien im Westen. Wurden nach dem Mauerbau gelungene Fluchten noch offen mit Sympathie bedacht, passten organisierte Fluchten aus der DDR ab Ende der 60er-Jahre nicht mehr in die Politik des &#8222;Wandels durch Ann\u00e4herung&#8220;.<\/p>\n<p>Auch die zunehmende Kommerzialisierung und in Teilen Kriminalisierung der Fluchthilfe nach den deutsch-deutschen Vertr\u00e4gen Anfang der 70er-Jahre bis zum Ende der DDR trugen zur Verdr\u00e4ngung bei. Anhand von ungew\u00f6hnlichen Lebenswegen soll den Beweggr\u00fcnden von Fluchthilfe an der Grenze zu Berlin-West, an der ehemaligen innerdeutschen Grenze oder an anderen Grenzen des Eisernen Vorhangs nachgegangen werden.<\/p>\n<p>Den Autoren Hans Sparschuh und Rainer Burmeister geht es in ihrer Dokumentation um die ideellen Motivationen des Handelns in Zeiten des Kalten Krieges, um Zivilcourage und Freiheitswillen.<\/p>\n<p><strong><em>Auff\u00fchrung in Kooperation mit der Bundesstiftung zur Aufarbeitung der SED-Diktatur<\/em><\/strong><\/p>\n<\/div><\/section>\n\n<style type=\"text\/css\" data-created_by=\"avia_inline_auto\" id=\"style-css-av-lwow4owm-38f1ea9a50c20d1b3c5d56b54f434e45\">\n.avia-image-container.av-lwow4owm-38f1ea9a50c20d1b3c5d56b54f434e45 img.avia_image{\nbox-shadow:none;\n}\n.avia-image-container.av-lwow4owm-38f1ea9a50c20d1b3c5d56b54f434e45 .av-image-caption-overlay-center{\ncolor:#ffffff;\n}\n<\/style>\n<div  class='avia-image-container av-lwow4owm-38f1ea9a50c20d1b3c5d56b54f434e45 av-styling- av-img-linked avia-align-left  avia-builder-el-3  el_after_av_textblock  avia-builder-el-last'   itemprop=\"image\" itemscope=\"itemscope\" itemtype=\"https:\/\/schema.org\/ImageObject\" ><div class=\"avia-image-container-inner\"><div class=\"avia-image-overlay-wrap\"><a href=\"http:\/\/https:\/\/www.bundesstiftung-aufarbeitung.de\/de\/start\" class='avia_image' target=\"_blank\" rel=\"noopener noreferrer\" aria-label='Bundesstiftung_Aufarbeitung_Logo.svg'><img decoding=\"async\" fetchpriority=\"high\" class='wp-image-6283 avia-img-lazy-loading-not-6283 avia_image' src=\"https:\/\/freiheitsdenkmal-leipzig.de\/wp-content\/uploads\/2024\/05\/Bundesstiftung_Aufarbeitung_Logo.svg_-300x49.png\" alt='' title='Bundesstiftung_Aufarbeitung_Logo.svg'  height=\"49\" width=\"300\"  itemprop=\"thumbnailUrl\" srcset=\"https:\/\/freiheitsdenkmal-leipzig.de\/wp-content\/uploads\/2024\/05\/Bundesstiftung_Aufarbeitung_Logo.svg_-300x49.png 300w, https:\/\/freiheitsdenkmal-leipzig.de\/wp-content\/uploads\/2024\/05\/Bundesstiftung_Aufarbeitung_Logo.svg_-1030x167.png 1030w, https:\/\/freiheitsdenkmal-leipzig.de\/wp-content\/uploads\/2024\/05\/Bundesstiftung_Aufarbeitung_Logo.svg_-768x125.png 768w, https:\/\/freiheitsdenkmal-leipzig.de\/wp-content\/uploads\/2024\/05\/Bundesstiftung_Aufarbeitung_Logo.svg_-1536x250.png 1536w, https:\/\/freiheitsdenkmal-leipzig.de\/wp-content\/uploads\/2024\/05\/Bundesstiftung_Aufarbeitung_Logo.svg_-2048x333.png 2048w, https:\/\/freiheitsdenkmal-leipzig.de\/wp-content\/uploads\/2024\/05\/Bundesstiftung_Aufarbeitung_Logo.svg_-18x3.png 18w, https:\/\/freiheitsdenkmal-leipzig.de\/wp-content\/uploads\/2024\/05\/Bundesstiftung_Aufarbeitung_Logo.svg_-1500x244.png 1500w, https:\/\/freiheitsdenkmal-leipzig.de\/wp-content\/uploads\/2024\/05\/Bundesstiftung_Aufarbeitung_Logo.svg_-705x115.png 705w\" sizes=\"(max-width: 300px) 100vw, 300px\" \/><\/a><\/div><\/div><\/div>","protected":false},"excerpt":{"rendered":"","protected":false},"author":5,"featured_media":6282,"comment_status":"closed","ping_status":"open","sticky":false,"template":"","format":"standard","meta":{"footnotes":""},"categories":[19],"tags":[],"class_list":["post-6281","post","type-post","status-publish","format-standard","has-post-thumbnail","hentry","category-aktuelles"],"_links":{"self":[{"href":"https:\/\/freiheitsdenkmal-leipzig.de\/en\/wp-json\/wp\/v2\/posts\/6281"}],"collection":[{"href":"https:\/\/freiheitsdenkmal-leipzig.de\/en\/wp-json\/wp\/v2\/posts"}],"about":[{"href":"https:\/\/freiheitsdenkmal-leipzig.de\/en\/wp-json\/wp\/v2\/types\/post"}],"author":[{"embeddable":true,"href":"https:\/\/freiheitsdenkmal-leipzig.de\/en\/wp-json\/wp\/v2\/users\/5"}],"replies":[{"embeddable":true,"href":"https:\/\/freiheitsdenkmal-leipzig.de\/en\/wp-json\/wp\/v2\/comments?post=6281"}],"version-history":[{"count":6,"href":"https:\/\/freiheitsdenkmal-leipzig.de\/en\/wp-json\/wp\/v2\/posts\/6281\/revisions"}],"predecessor-version":[{"id":6289,"href":"https:\/\/freiheitsdenkmal-leipzig.de\/en\/wp-json\/wp\/v2\/posts\/6281\/revisions\/6289"}],"wp:featuredmedia":[{"embeddable":true,"href":"https:\/\/freiheitsdenkmal-leipzig.de\/en\/wp-json\/wp\/v2\/media\/6282"}],"wp:attachment":[{"href":"https:\/\/freiheitsdenkmal-leipzig.de\/en\/wp-json\/wp\/v2\/media?parent=6281"}],"wp:term":[{"taxonomy":"category","embeddable":true,"href":"https:\/\/freiheitsdenkmal-leipzig.de\/en\/wp-json\/wp\/v2\/categories?post=6281"},{"taxonomy":"post_tag","embeddable":true,"href":"https:\/\/freiheitsdenkmal-leipzig.de\/en\/wp-json\/wp\/v2\/tags?post=6281"}],"curies":[{"name":"wp","href":"https:\/\/api.w.org\/{rel}","templated":true}]}}