{"id":6353,"date":"2024-06-03T13:49:51","date_gmt":"2024-06-03T13:49:51","guid":{"rendered":"https:\/\/freiheitsdenkmal-leipzig.de\/?p=6353"},"modified":"2024-06-17T11:35:00","modified_gmt":"2024-06-17T11:35:00","slug":"rahmenprogrammkarlsruhe","status":"publish","type":"post","link":"https:\/\/freiheitsdenkmal-leipzig.de\/en\/rahmenprogrammkarlsruhe","title":{"rendered":"Rahmenprogramm in Karlsruhe"},"content":{"rendered":"<section  class='av_textblock_section av-lw64jctt-a0163652fd2d772427935e50e220d15b'   itemscope=\"itemscope\" itemtype=\"https:\/\/schema.org\/BlogPosting\" itemprop=\"blogPost\" ><div class='avia_textblock'  itemprop=\"text\" ><h2 class=\"Textbody\"><strong><span style=\"font-family: 'Helvetica',sans-serif;\">&#8222;Das Denkmal ist&#8230;&#8220; bis 30. Juni in Karlsruhe<br \/>\n<\/span><\/strong><\/h2>\n<\/div><\/section>\n<div  class='avia-slideshow av-lw658yii-2aae8d1a8aa9ca9968ed7e3b9199795b avia-slideshow-featured av_slideshow avia-slide-slider  avia-builder-el-1  el_after_av_textblock  el_before_av_textblock  av-slideshow-ui av-control-default av-slideshow-manual av-loop-once av-loop-manual-endless av-default-height-applied avia-slideshow-1' data-slideshow-options=\"{&quot;animation&quot;:&quot;slide&quot;,&quot;autoplay&quot;:false,&quot;loop_autoplay&quot;:&quot;once&quot;,&quot;interval&quot;:5,&quot;loop_manual&quot;:&quot;manual-endless&quot;,&quot;autoplay_stopper&quot;:false,&quot;noNavigation&quot;:false,&quot;bg_slider&quot;:false,&quot;keep_padding&quot;:false,&quot;hoverpause&quot;:false,&quot;show_slide_delay&quot;:0}\"  itemprop=\"image\" itemscope=\"itemscope\" itemtype=\"https:\/\/schema.org\/ImageObject\" ><ul class='avia-slideshow-inner' style='padding-bottom: 28.666666666667%;'><li  class='avia-slideshow-slide av-lw658yii-2aae8d1a8aa9ca9968ed7e3b9199795b__0  slide-1 slide-odd'><div data-rel='slideshow-1' class='avia-slide-wrap'   ><img decoding=\"async\" fetchpriority=\"high\" class=\"wp-image-6187 avia-img-lazy-loading-not-6187\"  src=\"https:\/\/freiheitsdenkmal-leipzig.de\/wp-content\/uploads\/2024\/05\/R1020024-1500x430.jpg\" width=\"1500\" height=\"430\" title='Wanderausstellung' alt=''  itemprop=\"thumbnailUrl\"   \/><\/div><\/li><li  class='avia-slideshow-slide av-lw658yii-2aae8d1a8aa9ca9968ed7e3b9199795b__1  slide-2 slide-even'><div data-rel='slideshow-1' class='avia-slide-wrap'   ><img decoding=\"async\" fetchpriority=\"high\" class=\"wp-image-6210 avia-img-lazy-loading-not-6210\"  src=\"https:\/\/freiheitsdenkmal-leipzig.de\/wp-content\/uploads\/2024\/05\/DSC7378-1500x430.jpg\" width=\"1500\" height=\"430\" title='Ausstellung innen' alt=''  itemprop=\"thumbnailUrl\"   \/><\/div><\/li><\/ul><div class='avia-slideshow-arrows avia-slideshow-controls' ><a href='#prev' class='prev-slide' aria-hidden='true' data-av_icon='\ue87c' data-av_iconfont='entypo-fontello'  tabindex='-1'>Previous<\/a><a href='#next' class='next-slide' aria-hidden='true' data-av_icon='\ue87d' data-av_iconfont='entypo-fontello'  tabindex='-1'>Next<\/a><\/div><div class='avia-slideshow-dots avia-slideshow-controls'><a href='#1' class='goto-slide active' >1<\/a><a href='#2' class='goto-slide' >2<\/a><\/div><\/div>\n<section  class='av_textblock_section av-lw659mi1-7dd578aa7fed7bfdb2ac477b0bd64d99'   itemscope=\"itemscope\" itemtype=\"https:\/\/schema.org\/BlogPosting\" itemprop=\"blogPost\" ><div class='avia_textblock'  itemprop=\"text\" ><h2 class=\"Textbody\"><strong><span style=\"font-family: 'Helvetica',sans-serif;\">Das Denkmal ist&#8230;<br \/>\n<\/span><\/strong><\/h2>\n<p class=\"Textbody\"><span style=\"font-family: 'Helvetica',sans-serif;\">In der Ausstellung <\/span><span style=\"font-family: 'Helvetica',sans-serif;\">wird es die M\u00f6glichkeit geben, sich in \u00f6ffentlichen Veranstaltungen mit Denkm\u00e4lern und dem Erinnern an die Friedlichen Revolution auseinanderzusetzen.<\/span><\/p>\n<p><strong>Von 13. Mai &#8211; 30. Juni 2024, jeden Tag von 10 &#8211; 18 Uhr <\/strong><br \/>\n<strong>Auf dem Schlossplatz in Karlsruhe<br \/>\n<\/strong><\/p>\n<\/div><\/section>\n<section  class='av_textblock_section av-lw64coe3-c5802311cf5c5a43327e1bb62c7d0675'   itemscope=\"itemscope\" itemtype=\"https:\/\/schema.org\/BlogPosting\" itemprop=\"blogPost\" ><div class='avia_textblock'  itemprop=\"text\" ><h2>K(Einheit) &#8211; Wie die Gen Z \u00fcber den Osten denkt<\/h2>\n<p><strong>Donnerstag, 20. Juni, 19 Uhr<br \/>\n<\/strong><strong>Ort: Stiftung Forum Recht, Karlstra\u00dfe 45A, 76133 Karlsruhe<\/strong><\/p>\n<p><a href=\"https:\/\/www.keinheit.de\/\" target=\"_blank\" rel=\"noopener\">(K)Einheit<\/a> pr\u00e4sentiert eine exklusive Sneak Peak in die f\u00fcnfteilige Seriendoku \u201e(K)Einheit &#8211; Wie die Gen Z \u00fcber den Osten denkt\u201c. Die Perspektiven auf den Osten sind so vielf\u00e4ltig wie die Generation Z selbst. Was eine junge Generation in Bezug auf den Osten noch immer bewegt, bleibt im Kaleidoskop der Ambivalenz. Die Verbundenheit zur Heimat wird von real existierenden rechten Strukturen \u00fcberschattet, das demokratische Engagement dieser jungen Generation ist hoch. Genauso hoch wie der Wunsch im Osten zu bleiben. Gleichzeitig zieht es viele junge Menschen in die alten Bundesl\u00e4nder. Sind wir also eine (K)Einheit? Im Gespr\u00e4ch mit dem Protagonisten Tim Sachse und Co-Projektleiterin Lisa Trebs zum Aktivismus gegen Rechts in Ostdeutschland und was das im Zuge der Landtagswahlen in Sachsen, Th\u00fcringen und Brandenburg bedeutet.<\/p>\n<\/div><\/section>\n<section  class='av_textblock_section av-lw64e7ih-d5e6477c729622ccf5d103a46666f649'   itemscope=\"itemscope\" itemtype=\"https:\/\/schema.org\/BlogPosting\" itemprop=\"blogPost\" ><div class='avia_textblock'  itemprop=\"text\" ><h2>Gundermann Revier<\/h2>\n<p><strong>Samstag<\/strong><strong>, 22. Juni, 19 Uhr<br \/>\n<\/strong><strong>Ort: Kinemathek, Kaiserpassage 6, 76133 Karlsruhe<\/strong><\/p>\n<p><strong>Mit Regisseurin Grit Lemke, moderiert von Hanna Thuma<\/strong><\/p>\n<p>Wie tickt der Osten? Das Lausitzer Revier und die einstige \u201esozialistische Wohnstadt\u201c Hoyerswerda bilden den Hintergrund f\u00fcr die <a href=\"https:\/\/gundermannrevier.de\/\" target=\"_blank\" rel=\"noopener\">Biografie von Gerhard Gundermann<\/a>, Rockpoet, Baggerfahrer und \u201eStimme des Ostens\u201c. Wie in einem Brennspiegel b\u00fcndeln sich in der Region und in seinem Werk globale Fragen: Heimat und Industrie, das Ende der Arbeit, Utopie und individuelle Verantwortung. Eine Lehrerin, seine ersten Wegbegleiter aus der Brigade Feuerstein, sein Tontechniker und enger Mitarbeiter kommen ebenso zu Wort wie die Silly-Musiker Uwe Hassbecker und Ritchie Barton, Andy Wieczorek von der Band \u201eSeilschaft\u201c und Conny Gundermann. Der B\u00fcrgerchor Hoyerswerda singt Gundermann und f\u00fchrt ihn in die Gegenwart des Reviers, das sich neu erfinden muss. Poetische Reflexionen einer Ich-Erz\u00e4hlerin, die in Hoyerswerda mit Gundermann aufwuchs, und metaphorische Bilder einer umgebrochenen Landschaft und Stadt f\u00fchren durch den Film. Sie treten in einen Dialog mit Gundermann in weitgehend unbekannten Archivaufnahmen, Texten und Musik. Ein Film \u00fcber einen von denen, \u201edie die welt nicht retten k\u00f6nnen aber m\u00f6chten \/ mit viel zu kurzen messern in viel zu langen n\u00e4chten\u201c. Und \u00fcber ein Revier: die Lausitz und Hoyerswerda, der Osten, aber auch Deutschland oder unser globaler Lebensraum \u2013 ein Ort der Utopie.<\/p>\n<\/div><\/section>\n<section  class='av_textblock_section av-lwz11q4s-1845ea0f32b5af96083764cf5fbd03d2'   itemscope=\"itemscope\" itemtype=\"https:\/\/schema.org\/BlogPosting\" itemprop=\"blogPost\" ><div class='avia_textblock'  itemprop=\"text\" ><h2>Offene F\u00fchrung durch die Ausstellung<\/h2>\n<p><strong>Sonntag, 23. Juni 12 Uhr und Sonntag, 30. Juni 12 Uhr<br \/>\n<\/strong><strong>Ort: in der Ausstellung auf dem Schlossplatz<\/strong><\/p>\n<p>In der dialogischen F\u00fchrung durch die Ausstellung soll in K\u00fcrze die Bedeutung der Leipziger Montagsdemonstrationen f\u00fcr das Ende der DDR thematisiert werden. Des weiteren werden verschiedene Arbeiten internationaler K\u00fcnstler*innen gezeigt, die sich, zumeist in verschiedenen Video-Formaten mit Monumentalisierungsaspekten (vor allem in Bezug auf Leipzig und das Leipziger Umland sowie den Montagsdemonstrationen) besch\u00e4ftigen. Die F\u00fchrung geht sowohl auf inhaltliche als auch auf kuratorische Aspekte der Ausstellung ein. Dabei werden Denkmalprozesse als Aushandlungsprozesse betrachtet und nach der Bedeutung von Denkm\u00e4lern f\u00fcr uns gefragt.<\/p>\n<\/div><\/section>\n<section  class='av_textblock_section av-lw64lmg4-6a30c51393b5c33b07de856797926df2'   itemscope=\"itemscope\" itemtype=\"https:\/\/schema.org\/BlogPosting\" itemprop=\"blogPost\" ><div class='avia_textblock'  itemprop=\"text\" ><h2>Zeitzeug:innengespr\u00e4ch mit Susanne Kucharski-Huniat<\/h2>\n<p><strong>Dienstag, 25. Juni, 16 Uhr<br \/>\n<\/strong><strong>Ort: in der Ausstellung auf dem Schlossplatz, 76131 Karlsruhe<\/strong><\/p>\n<p>Im Zeitzeug:innengespr\u00e4ch m\u00f6chten wir bei Kaffee und Kuchen mit Susanne Kucharski-Huniat \u00fcber ihr Erlebnis w\u00e4hrend, nach und vor der Friedlichen Revolution sprechen. Kucharski-Huniat hat sich nicht nur w\u00e4hrend der Friedliche Revolution engagiert, sondern\u00a0auch danach unter anderem als Kulturdezernentin die Leipziger Politik mitgepr\u00e4gt, nicht zu letzt den Prozess um das Leipziger Freiheits- und Einheitsdenkmal.<\/p>\n<p>Sie sind herzlich mit Ihrer Perspektive und Ihren Erfahrungen der 1980er und 1990er Jahre willkommen: treten Sie mit uns in den Austausch!<\/p>\n<\/div><\/section>\n<section  class='av_textblock_section av-lw64nuu5-0fa860e123bb2564700af2d32ba95bb6'   itemscope=\"itemscope\" itemtype=\"https:\/\/schema.org\/BlogPosting\" itemprop=\"blogPost\" ><div class='avia_textblock'  itemprop=\"text\" ><h2>\u201eMein Denkmal ist..\u201c\u00a0 Offener Kreativ-Workshop f\u00fcr Kinder zum Thema Denkmal f\u00fcr die Zukunft<strong><br \/>\n<\/strong><\/h2>\n<p><strong>Mittwoch, 26. Juni, 14 Uhr \u2013 15 Uhr<br \/>\n<\/strong><strong>Ort: Ausstellung auf dem Schlossplatz, 76131 Karlsruhe<\/strong><\/p>\n<p>durchgef\u00fchrt von Hanna Thuma<\/p>\n<p>In Leipzig soll bald ein Freiheits- und Einheitsdenkmal entstehen, das an die Friedliche Revolution von 1989 erinnern soll. Aber was genau ist damals eigentlich passiert? Und wieso brauchen wir daf\u00fcr ein Denkmal? Was ist eigentlich ein Denkmal? Sind das nicht die alten verstaubten M\u00e4nner auf Pferden, die in jeder gr\u00f6\u00dferen Stadt rumstehen, oder geht das auch anders?<br \/>\nIn dem Workshop wollen wir im Ausstellungsraum \u00fcber die Friedliche Revolution sprechen und uns selbst \u00fcberlegen, wie wir ein Freiheitsdenkmal gestalten m\u00f6chten. Dazu wollen wir Collagen basteln, neue Denkm\u00e4ler aus Ton entwerfen oder eine Handlungsanleitung f\u00fcr den Bau eines neuen Denkmals schreiben.<\/p>\n<p>Der Workshop ist kostenfrei. Am Workshop teilnehmen k\u00f6nnen Kinder und Jugendliche von 8 bis 16 Jahren, die Lust auf eine kreative Ann\u00e4herung an die Ausstellung haben.<\/p>\n<\/div><\/section>\n<section  class='av_textblock_section av-lw64pcd4-f0e7c9bff92cb7a62cc4c9f34b60aead'   itemscope=\"itemscope\" itemtype=\"https:\/\/schema.org\/BlogPosting\" itemprop=\"blogPost\" ><div class='avia_textblock'  itemprop=\"text\" ><h2>\u201eOrte der Friedlichen Revolution 1989 in Sachsen\u201c Film und Gespr\u00e4ch mit Frank Richter<strong><em><br \/>\n<\/em><\/strong><\/h2>\n<p><strong>Mittwoch, 26. Juni, 17:30 Uhr<br \/>\n<\/strong><strong>Ort: Stadtbibliothek Karlsruhe, St\u00e4ndehausstr. 2, 76133 Karlsruhe<br \/>\nModeriert von Gesine Oltmanns<br \/>\n<\/strong><\/p>\n<p>Die Friedliche Revolution in Sachsen 1989\/90 hat das Leben der Menschen grundlegend ver\u00e4ndert. Durch Demonstrationen gro\u00dfer Teile der Bev\u00f6lkerung entstanden neue politische Kr\u00e4fte, wie die Gruppe der 20 in Dresden. Ab Oktober 1989 verlor die SED-Staatspartei der DDR an Einfluss und Macht. Der Film erz\u00e4hlt von diesem Geschehen in ausgew\u00e4hlten s\u00e4chsischen Orten und Regionen: Dresden, Plauen, Leipzig und Delitzsch sowie Gro\u00dfhennersdorf und Zittau in der Oberlausitz, Bad Schlema und Aue im Erzgebirge. Das Ergebnis der Friedlichen Revolution in der DDR war die deutsche Wiedervereinigung.<\/p>\n<p>Nach der Filmvorf\u00fchrung werden Gesine Oltmanns und Frank Richter eine Gespr\u00e4ch \u00fcber die Inhalte des Films f\u00fchren und dann die Diskussion f\u00fcr die Zuschauer:innen \u00f6ffnen.<\/p>\n<p><a href=\"https:\/\/www.slpb.de\/themen\/geschichte\/friedliche-revolution\/film-orte-der-friedlichen-revolution-in-sachsen\" target=\"_blank\" rel=\"noopener\">Ein Film von Thomas Eichberg, herausgegeben von der S\u00e4chsischen Landeszentrale f\u00fcr politische Bildung<\/a>, Dresden 2016.<\/p>\n<\/div><\/section>","protected":false},"excerpt":{"rendered":"","protected":false},"author":5,"featured_media":6187,"comment_status":"closed","ping_status":"open","sticky":false,"template":"","format":"standard","meta":{"footnotes":""},"categories":[19,22],"tags":[],"class_list":["post-6353","post","type-post","status-publish","format-standard","has-post-thumbnail","hentry","category-aktuelles","category-ausstellung"],"_links":{"self":[{"href":"https:\/\/freiheitsdenkmal-leipzig.de\/en\/wp-json\/wp\/v2\/posts\/6353"}],"collection":[{"href":"https:\/\/freiheitsdenkmal-leipzig.de\/en\/wp-json\/wp\/v2\/posts"}],"about":[{"href":"https:\/\/freiheitsdenkmal-leipzig.de\/en\/wp-json\/wp\/v2\/types\/post"}],"author":[{"embeddable":true,"href":"https:\/\/freiheitsdenkmal-leipzig.de\/en\/wp-json\/wp\/v2\/users\/5"}],"replies":[{"embeddable":true,"href":"https:\/\/freiheitsdenkmal-leipzig.de\/en\/wp-json\/wp\/v2\/comments?post=6353"}],"version-history":[{"count":5,"href":"https:\/\/freiheitsdenkmal-leipzig.de\/en\/wp-json\/wp\/v2\/posts\/6353\/revisions"}],"predecessor-version":[{"id":7414,"href":"https:\/\/freiheitsdenkmal-leipzig.de\/en\/wp-json\/wp\/v2\/posts\/6353\/revisions\/7414"}],"wp:featuredmedia":[{"embeddable":true,"href":"https:\/\/freiheitsdenkmal-leipzig.de\/en\/wp-json\/wp\/v2\/media\/6187"}],"wp:attachment":[{"href":"https:\/\/freiheitsdenkmal-leipzig.de\/en\/wp-json\/wp\/v2\/media?parent=6353"}],"wp:term":[{"taxonomy":"category","embeddable":true,"href":"https:\/\/freiheitsdenkmal-leipzig.de\/en\/wp-json\/wp\/v2\/categories?post=6353"},{"taxonomy":"post_tag","embeddable":true,"href":"https:\/\/freiheitsdenkmal-leipzig.de\/en\/wp-json\/wp\/v2\/tags?post=6353"}],"curies":[{"name":"wp","href":"https:\/\/api.w.org\/{rel}","templated":true}]}}