{"id":6503,"date":"2024-06-24T13:21:49","date_gmt":"2024-06-24T13:21:49","guid":{"rendered":"https:\/\/freiheitsdenkmal-leipzig.de\/?p=6503"},"modified":"2024-06-25T06:38:15","modified_gmt":"2024-06-25T06:38:15","slug":"teilnehmenden-kolloquium","status":"publish","type":"post","link":"https:\/\/freiheitsdenkmal-leipzig.de\/en\/teilnehmenden-kolloquium","title":{"rendered":"R\u00fcckfragenkolloquium zum k\u00fcnstlerischen Wettbewerb hat stattgefunden"},"content":{"rendered":"<section  class='av_textblock_section av-4kuuiv-33b1503c011f55bb66d7ea39054d5082'   itemscope=\"itemscope\" itemtype=\"https:\/\/schema.org\/BlogPosting\" itemprop=\"blogPost\" ><div class='avia_textblock'  itemprop=\"text\" ><h1>R\u00fcckfragenkolloquium f\u00fcr die Teilnehmenden am k\u00fcnstlerischen Wettbewerb fand am 19. Juni statt.<\/h1>\n<\/div><\/section>\n\n<style type=\"text\/css\" data-created_by=\"avia_inline_auto\" id=\"style-css-av-lwovjb0i-d38c902b1bb00b8be932b77d16fe6541\">\n.avia-image-container.av-lwovjb0i-d38c902b1bb00b8be932b77d16fe6541 img.avia_image{\nbox-shadow:none;\n}\n.avia-image-container.av-lwovjb0i-d38c902b1bb00b8be932b77d16fe6541 .av-image-caption-overlay-center{\ncolor:#ffffff;\n}\n<\/style>\n<div  class='avia-image-container av-lwovjb0i-d38c902b1bb00b8be932b77d16fe6541 av-styling- avia-align-center  avia-builder-el-1  el_after_av_textblock  el_before_av_textblock'   itemprop=\"image\" itemscope=\"itemscope\" itemtype=\"https:\/\/schema.org\/ImageObject\" ><div class=\"avia-image-container-inner\"><div class=\"avia-image-overlay-wrap\"><img decoding=\"async\" fetchpriority=\"high\" class='wp-image-4143 avia-img-lazy-loading-not-4143 avia_image' src=\"https:\/\/freiheitsdenkmal-leipzig.de\/wp-content\/uploads\/2023\/08\/Wilhelm_Leuschner_Platz-scaled.jpeg\" alt='' title='Wilhelm_Leuschner_Platz+'  height=\"681\" width=\"2560\"  itemprop=\"thumbnailUrl\" srcset=\"https:\/\/freiheitsdenkmal-leipzig.de\/wp-content\/uploads\/2023\/08\/Wilhelm_Leuschner_Platz-scaled.jpeg 2560w, https:\/\/freiheitsdenkmal-leipzig.de\/wp-content\/uploads\/2023\/08\/Wilhelm_Leuschner_Platz-300x80.jpeg 300w, https:\/\/freiheitsdenkmal-leipzig.de\/wp-content\/uploads\/2023\/08\/Wilhelm_Leuschner_Platz-1030x274.jpeg 1030w, https:\/\/freiheitsdenkmal-leipzig.de\/wp-content\/uploads\/2023\/08\/Wilhelm_Leuschner_Platz-768x204.jpeg 768w, https:\/\/freiheitsdenkmal-leipzig.de\/wp-content\/uploads\/2023\/08\/Wilhelm_Leuschner_Platz-1536x408.jpeg 1536w, https:\/\/freiheitsdenkmal-leipzig.de\/wp-content\/uploads\/2023\/08\/Wilhelm_Leuschner_Platz-2048x545.jpeg 2048w, https:\/\/freiheitsdenkmal-leipzig.de\/wp-content\/uploads\/2023\/08\/Wilhelm_Leuschner_Platz-18x5.jpeg 18w, https:\/\/freiheitsdenkmal-leipzig.de\/wp-content\/uploads\/2023\/08\/Wilhelm_Leuschner_Platz-1500x399.jpeg 1500w, https:\/\/freiheitsdenkmal-leipzig.de\/wp-content\/uploads\/2023\/08\/Wilhelm_Leuschner_Platz-705x187.jpeg 705w\" sizes=\"(max-width: 2560px) 100vw, 2560px\" \/><\/div><\/div><\/div>\n<section  class='av_textblock_section av-2icg5z-f08a110d74230e184974cc64a6d887dd'   itemscope=\"itemscope\" itemtype=\"https:\/\/schema.org\/BlogPosting\" itemprop=\"blogPost\" ><div class='avia_textblock'  itemprop=\"text\" ><p>Am 19. Juni fand in Leipzig ein R\u00fcckfragenkolloquium f\u00fcr die Teilnehmenden am k\u00fcnstlerischen Wettbewerb statt. Hier konnten die 54 internationalen K\u00fcnstler:innen, die als Einzelk\u00fcnstler:innen oder als Mitglieder aus Teams angereist waren, von 10:30 bis 17 Uhr Fragen der Aufgabenstellung kl\u00e4ren.<\/p>\n<p>Daf\u00fcr standen Ihnen Vertreter:innen des Fachpreisgerichtes, der Stadt Leipzig (f\u00fcr Stadtplanung und Kultur), des <a href=\"https:\/\/www.phase1.de\/\" target=\"_blank\" rel=\"noopener\">Wettbewerbsb\u00fcros [phase eins]<\/a> und der Ausloberin <a href=\"https:\/\/www.stiftung-fr.de\/\" target=\"_blank\" rel=\"noopener\">Foundation Peaceful Revolution<\/a> zur Verf\u00fcgung.<\/p>\n<p>Das Kolloquium startete auf dem Nikolaikirchhof als historischem Ort, wurde mit einer F\u00fchrung im Zeitgeschichtlichen Forum Leipzig und der Begehung des Wilhelm-Leuschner-Platzes fortgesetzt, bevor es zu intensiven Gespr\u00e4chen in die Galerie f\u00fcr Zeitgen\u00f6ssische Kunst Leipzig weiterging.<\/p>\n<p>Die Teilnehmenden haben nun bis Anfang September Zeit um Ihre Entw\u00fcrfe f\u00fcr das Freiheits- und Einheitsdenkmal in Leipzig abzugeben.<\/p>\n<\/div><\/section>","protected":false},"excerpt":{"rendered":"","protected":false},"author":1,"featured_media":4143,"comment_status":"closed","ping_status":"open","sticky":false,"template":"","format":"standard","meta":{"footnotes":""},"categories":[19],"tags":[],"class_list":["post-6503","post","type-post","status-publish","format-standard","has-post-thumbnail","hentry","category-aktuelles"],"_links":{"self":[{"href":"https:\/\/freiheitsdenkmal-leipzig.de\/en\/wp-json\/wp\/v2\/posts\/6503"}],"collection":[{"href":"https:\/\/freiheitsdenkmal-leipzig.de\/en\/wp-json\/wp\/v2\/posts"}],"about":[{"href":"https:\/\/freiheitsdenkmal-leipzig.de\/en\/wp-json\/wp\/v2\/types\/post"}],"author":[{"embeddable":true,"href":"https:\/\/freiheitsdenkmal-leipzig.de\/en\/wp-json\/wp\/v2\/users\/1"}],"replies":[{"embeddable":true,"href":"https:\/\/freiheitsdenkmal-leipzig.de\/en\/wp-json\/wp\/v2\/comments?post=6503"}],"version-history":[{"count":8,"href":"https:\/\/freiheitsdenkmal-leipzig.de\/en\/wp-json\/wp\/v2\/posts\/6503\/revisions"}],"predecessor-version":[{"id":6517,"href":"https:\/\/freiheitsdenkmal-leipzig.de\/en\/wp-json\/wp\/v2\/posts\/6503\/revisions\/6517"}],"wp:featuredmedia":[{"embeddable":true,"href":"https:\/\/freiheitsdenkmal-leipzig.de\/en\/wp-json\/wp\/v2\/media\/4143"}],"wp:attachment":[{"href":"https:\/\/freiheitsdenkmal-leipzig.de\/en\/wp-json\/wp\/v2\/media?parent=6503"}],"wp:term":[{"taxonomy":"category","embeddable":true,"href":"https:\/\/freiheitsdenkmal-leipzig.de\/en\/wp-json\/wp\/v2\/categories?post=6503"},{"taxonomy":"post_tag","embeddable":true,"href":"https:\/\/freiheitsdenkmal-leipzig.de\/en\/wp-json\/wp\/v2\/tags?post=6503"}],"curies":[{"name":"wp","href":"https:\/\/api.w.org\/{rel}","templated":true}]}}