{"id":6662,"date":"2024-06-27T10:26:56","date_gmt":"2024-06-27T10:26:56","guid":{"rendered":"https:\/\/freiheitsdenkmal-leipzig.de\/?p=6662"},"modified":"2024-07-01T07:36:01","modified_gmt":"2024-07-01T07:36:01","slug":"tdjw-fritzi-sommerpause","status":"publish","type":"post","link":"https:\/\/freiheitsdenkmal-leipzig.de\/en\/tdjw-fritzi-sommerpause","title":{"rendered":"TDJW: &#8222;Fritzi war dabei&#8220; geht in Sommerpause bis 23.8.24"},"content":{"rendered":"<section  class='av_textblock_section av-4kuuiv-33b1503c011f55bb66d7ea39054d5082'   itemscope=\"itemscope\" itemtype=\"https:\/\/schema.org\/BlogPosting\" itemprop=\"blogPost\" ><div class='avia_textblock'  itemprop=\"text\" ><h1><strong>Fritzi geht in Sommerpause<br \/>\n<\/strong><\/h1>\n<\/div><\/section>\n\n<style type=\"text\/css\" data-created_by=\"avia_inline_auto\" id=\"style-css-av-lxx4tdo0-c7a60c6563e859e155fea453ad2962f1\">\n.avia-image-container.av-lxx4tdo0-c7a60c6563e859e155fea453ad2962f1 img.avia_image{\nbox-shadow:none;\n}\n.avia-image-container.av-lxx4tdo0-c7a60c6563e859e155fea453ad2962f1 .av-image-caption-overlay-center{\ncolor:#ffffff;\n}\n<\/style>\n<div  class='avia-image-container av-lxx4tdo0-c7a60c6563e859e155fea453ad2962f1 av-styling- avia-align-center  avia-builder-el-1  el_after_av_textblock  el_before_av_textblock'   itemprop=\"image\" itemscope=\"itemscope\" itemtype=\"https:\/\/schema.org\/ImageObject\" ><div class=\"avia-image-container-inner\"><div class=\"avia-image-overlay-wrap\"><img decoding=\"async\" fetchpriority=\"high\" class='wp-image-6674 avia-img-lazy-loading-not-6674 avia_image' src=\"https:\/\/freiheitsdenkmal-leipzig.de\/wp-content\/uploads\/2024\/06\/HannaSchott-1-scaled.jpg\" alt='' title='HannaSchott'  height=\"1284\" width=\"2560\"  itemprop=\"thumbnailUrl\" srcset=\"https:\/\/freiheitsdenkmal-leipzig.de\/wp-content\/uploads\/2024\/06\/HannaSchott-1-scaled.jpg 2560w, https:\/\/freiheitsdenkmal-leipzig.de\/wp-content\/uploads\/2024\/06\/HannaSchott-1-300x150.jpg 300w, https:\/\/freiheitsdenkmal-leipzig.de\/wp-content\/uploads\/2024\/06\/HannaSchott-1-1030x517.jpg 1030w, https:\/\/freiheitsdenkmal-leipzig.de\/wp-content\/uploads\/2024\/06\/HannaSchott-1-768x385.jpg 768w, https:\/\/freiheitsdenkmal-leipzig.de\/wp-content\/uploads\/2024\/06\/HannaSchott-1-1536x771.jpg 1536w, https:\/\/freiheitsdenkmal-leipzig.de\/wp-content\/uploads\/2024\/06\/HannaSchott-1-2048x1027.jpg 2048w, https:\/\/freiheitsdenkmal-leipzig.de\/wp-content\/uploads\/2024\/06\/HannaSchott-1-18x9.jpg 18w, https:\/\/freiheitsdenkmal-leipzig.de\/wp-content\/uploads\/2024\/06\/HannaSchott-1-1500x752.jpg 1500w, https:\/\/freiheitsdenkmal-leipzig.de\/wp-content\/uploads\/2024\/06\/HannaSchott-1-705x354.jpg 705w\" sizes=\"(max-width: 2560px) 100vw, 2560px\" \/><\/div><\/div><\/div>\n<section  class='av_textblock_section av-2icg5z-f08a110d74230e184974cc64a6d887dd'   itemscope=\"itemscope\" itemtype=\"https:\/\/schema.org\/BlogPosting\" itemprop=\"blogPost\" ><div class='avia_textblock'  itemprop=\"text\" ><p><strong>Sommerpause<\/strong><\/p>\n<p>Unser Kooperationsprojekt mit dem Theater der Jungen Welt <a href=\"..\/fritzi-war-dabei\" target=\"_blank\" rel=\"noopener\"><strong>&#8222;Fritzi war dabei&#8220;<\/strong><\/a> geht in die Sommerpause. Ab 23. August nimmt Fritzi (<em>Anke Stoppa) <\/em>dann wieder mit auf theatrale Stadtrundg\u00e4nge f\u00fcr Kinder.<\/p>\n<p class=\"_ap3a _aaco _aacu _aacx _aad7 _aade\" dir=\"auto\">Kurz vor der Sommerpause gab es am 25. Juni noch eine ganz besondere Vorstellung des theatralen Stadtrundgangs FRITZI WAR DABEI. Zu Gast waren die <strong>Autorin Hanna Schott<\/strong> und die <strong>Illustratorin Gerda Raidt<\/strong> des gleichnamigen Buches.<\/p>\n<p>Im Mai und Juni haben viele Grundschulklassen und private Gruppen die Stadtrundg\u00e4nge auf den Spuren der Friedlichen Revolution besucht und begeisterte R\u00fcckmeldung gegeben.Wir freuen uns \u00fcber die erfolgreiche erste Spielzeit und schauen mit Vorfreude auf zahlreiche weitere Vorstellungen nach der Sommerpause.<\/p>\n<p><em>Grundlage ist das gleichnamigen Kinderbuchs \u201eFritzi war dabei \u2014 eine Wendewundergeschichte\u201c von Hanna Schott, in einer Bearbeitung von Katja Lehmann.<br \/>\nAuff\u00fchrungsrechte: Klett Kinderbuch Verlag Leipzig. Fragen und Anmeldungen bitte an: kontakt@tdjw.de<\/em><br \/>\nFotos: \u00a9 Theater der jungen Welt<br \/>\n<a href=\"http:\/\/www.theaterderjungenweltleipzig.de\/wann-und-was\/stueckdetail\/fritzi-war-dabei\">Mehr Infos vom Theater der jungen Welt<\/a><\/p>\n<p>Eine Anmeldung vorab \u00fcber den TDJW-Ticketverkauf ist unbedingt erforderlich (0341. 486 60 16 \/ kartenanfragen@tdjw.de)<\/p>\n<\/div><\/section>","protected":false},"excerpt":{"rendered":"","protected":false},"author":1,"featured_media":6679,"comment_status":"closed","ping_status":"open","sticky":false,"template":"","format":"standard","meta":{"footnotes":""},"categories":[19],"tags":[],"class_list":["post-6662","post","type-post","status-publish","format-standard","has-post-thumbnail","hentry","category-aktuelles"],"_links":{"self":[{"href":"https:\/\/freiheitsdenkmal-leipzig.de\/en\/wp-json\/wp\/v2\/posts\/6662"}],"collection":[{"href":"https:\/\/freiheitsdenkmal-leipzig.de\/en\/wp-json\/wp\/v2\/posts"}],"about":[{"href":"https:\/\/freiheitsdenkmal-leipzig.de\/en\/wp-json\/wp\/v2\/types\/post"}],"author":[{"embeddable":true,"href":"https:\/\/freiheitsdenkmal-leipzig.de\/en\/wp-json\/wp\/v2\/users\/1"}],"replies":[{"embeddable":true,"href":"https:\/\/freiheitsdenkmal-leipzig.de\/en\/wp-json\/wp\/v2\/comments?post=6662"}],"version-history":[{"count":11,"href":"https:\/\/freiheitsdenkmal-leipzig.de\/en\/wp-json\/wp\/v2\/posts\/6662\/revisions"}],"predecessor-version":[{"id":6665,"href":"https:\/\/freiheitsdenkmal-leipzig.de\/en\/wp-json\/wp\/v2\/posts\/6662\/revisions\/6665"}],"wp:featuredmedia":[{"embeddable":true,"href":"https:\/\/freiheitsdenkmal-leipzig.de\/en\/wp-json\/wp\/v2\/media\/6679"}],"wp:attachment":[{"href":"https:\/\/freiheitsdenkmal-leipzig.de\/en\/wp-json\/wp\/v2\/media?parent=6662"}],"wp:term":[{"taxonomy":"category","embeddable":true,"href":"https:\/\/freiheitsdenkmal-leipzig.de\/en\/wp-json\/wp\/v2\/categories?post=6662"},{"taxonomy":"post_tag","embeddable":true,"href":"https:\/\/freiheitsdenkmal-leipzig.de\/en\/wp-json\/wp\/v2\/tags?post=6662"}],"curies":[{"name":"wp","href":"https:\/\/api.w.org\/{rel}","templated":true}]}}