{"id":6697,"date":"2024-07-01T09:50:37","date_gmt":"2024-07-01T09:50:37","guid":{"rendered":"https:\/\/freiheitsdenkmal-leipzig.de\/?p=6697"},"modified":"2024-07-02T08:22:03","modified_gmt":"2024-07-02T08:22:03","slug":"karlsruhe2","status":"publish","type":"post","link":"https:\/\/freiheitsdenkmal-leipzig.de\/en\/karlsruhe2","title":{"rendered":"Byebye Karlsruhe! Hello N\u00fcrnberg!"},"content":{"rendered":"<section  class='av_textblock_section av-c8kwko-efb7b351bed4762bf6c3b1609d6ed279'   itemscope=\"itemscope\" itemtype=\"https:\/\/schema.org\/BlogPosting\" itemprop=\"blogPost\" ><div class='avia_textblock'  itemprop=\"text\" ><h2 class=\"Textbody\"><strong>Das Denkmal ist \u2026 wieder unterwegs<\/strong><\/h2>\n<h2 class=\"Textbody\"><strong>\u00a0<\/strong><\/h2>\n<\/div><\/section>\n<div  class='avia-slideshow av-lxitgf8a-cb45fc68abe327885fc378282e45c58f avia-slideshow-featured av_slideshow avia-slide-slider  avia-builder-el-1  el_after_av_textblock  el_before_av_textblock  av-slideshow-ui av-control-default av-slideshow-manual av-loop-once av-loop-manual-endless av-default-height-applied avia-slideshow-1' data-slideshow-options=\"{&quot;animation&quot;:&quot;slide&quot;,&quot;autoplay&quot;:false,&quot;loop_autoplay&quot;:&quot;once&quot;,&quot;interval&quot;:5,&quot;loop_manual&quot;:&quot;manual-endless&quot;,&quot;autoplay_stopper&quot;:false,&quot;noNavigation&quot;:false,&quot;bg_slider&quot;:false,&quot;keep_padding&quot;:false,&quot;hoverpause&quot;:false,&quot;show_slide_delay&quot;:0}\"  itemprop=\"image\" itemscope=\"itemscope\" itemtype=\"https:\/\/schema.org\/ImageObject\" ><ul class='avia-slideshow-inner' style='padding-bottom: 28.666666666667%;'><li  class='avia-slideshow-slide av-lxitgf8a-cb45fc68abe327885fc378282e45c58f__0  slide-1 slide-odd'><div data-rel='slideshow-1' class='avia-slide-wrap'   ><img decoding=\"async\" fetchpriority=\"high\" class=\"wp-image-6380 avia-img-lazy-loading-not-6380\"  src=\"https:\/\/freiheitsdenkmal-leipzig.de\/wp-content\/uploads\/2024\/06\/image00005-Kopie-1500x430.jpg\" width=\"1500\" height=\"430\" title='image00005 - Kopie' alt=''  itemprop=\"thumbnailUrl\"   \/><\/div><\/li><li  class='avia-slideshow-slide av-lxitgf8a-cb45fc68abe327885fc378282e45c58f__1  slide-2 slide-even'><div data-rel='slideshow-1' class='avia-slide-wrap'   ><img decoding=\"async\" fetchpriority=\"high\" class=\"wp-image-6383 avia-img-lazy-loading-not-6383\"  src=\"https:\/\/freiheitsdenkmal-leipzig.de\/wp-content\/uploads\/2024\/06\/image00017-Kopie-1500x430.jpg\" width=\"1500\" height=\"430\" title='image00017 - Kopie' alt=''  itemprop=\"thumbnailUrl\"   \/><\/div><\/li><\/ul><div class='avia-slideshow-arrows avia-slideshow-controls' ><a href='#prev' class='prev-slide' aria-hidden='true' data-av_icon='\ue87c' data-av_iconfont='entypo-fontello'  tabindex='-1'>Previous<\/a><a href='#next' class='next-slide' aria-hidden='true' data-av_icon='\ue87d' data-av_iconfont='entypo-fontello'  tabindex='-1'>Next<\/a><\/div><div class='avia-slideshow-dots avia-slideshow-controls'><a href='#1' class='goto-slide active' >1<\/a><a href='#2' class='goto-slide' >2<\/a><\/div><\/div>\n<section  class='av_textblock_section av-lxiuopoz-98262c8081f0754ce832e4e6a09efda0'   itemscope=\"itemscope\" itemtype=\"https:\/\/schema.org\/BlogPosting\" itemprop=\"blogPost\" ><div class='avia_textblock'  itemprop=\"text\" ><p class=\"Textbody\">Bye-bye Karlsruhe! Sch\u00f6n war es auf dem Schlossplatz!<\/p>\n<p class=\"Textbody\">Jetzt wird die Ausstellung abgebaut, Raumerweiterungshalle und Ausstellungsobjekte werden verladen und nach N\u00fcrnberg gebracht <em>\u2013<\/em> zu unserer n\u00e4chsten Station auf dem Klarissenplatz. Dort k\u00f6nnen Sie uns vom 11. bis 28. Juli t\u00e4glich von 11 \u2013 19 Uhr besuchen. Wir freuen uns schon auf Ihren Besuch und laden Sie ein, sich in unserer Ausstellung mit Gedenkkultur und der Friedlichen Revolution auseinanderzusetzen.<\/p>\n<p><a href=\"https:\/\/freiheitsdenkmal-leipzig.de\/en\/rahmenprogrammnuernberg\/\" target=\"_blank\" rel=\"noopener\"><strong>Rahmenprogramm N\u00fcrnberg<\/strong><\/a>, <strong><a href=\"https:\/\/freiheitsdenkmal-leipzig.de\/en\/paedprogrammnuernberg\/\" target=\"_blank\" rel=\"noopener\">P\u00e4dagogisches Programm f\u00fcr Schulen<\/a><\/strong> and <a href=\"https:\/\/freiheitsdenkmal-leipzig.de\/en\/events\/\" target=\"_blank\" rel=\"noopener\"><strong>Kalender<\/strong><\/a><\/p>\n<p><em>Von 11. \u2013 28. Juli 2024, jeden Tag von 11 \u2013 19 Uhr a<\/em><em>uf dem Klarissenplatz in N\u00fcrnberg<\/em><\/p>\n<\/div><\/section>","protected":false},"excerpt":{"rendered":"","protected":false},"author":1,"featured_media":6700,"comment_status":"closed","ping_status":"open","sticky":false,"template":"","format":"standard","meta":{"footnotes":""},"categories":[19,22],"tags":[],"class_list":["post-6697","post","type-post","status-publish","format-standard","has-post-thumbnail","hentry","category-aktuelles","category-ausstellung"],"_links":{"self":[{"href":"https:\/\/freiheitsdenkmal-leipzig.de\/en\/wp-json\/wp\/v2\/posts\/6697"}],"collection":[{"href":"https:\/\/freiheitsdenkmal-leipzig.de\/en\/wp-json\/wp\/v2\/posts"}],"about":[{"href":"https:\/\/freiheitsdenkmal-leipzig.de\/en\/wp-json\/wp\/v2\/types\/post"}],"author":[{"embeddable":true,"href":"https:\/\/freiheitsdenkmal-leipzig.de\/en\/wp-json\/wp\/v2\/users\/1"}],"replies":[{"embeddable":true,"href":"https:\/\/freiheitsdenkmal-leipzig.de\/en\/wp-json\/wp\/v2\/comments?post=6697"}],"version-history":[{"count":7,"href":"https:\/\/freiheitsdenkmal-leipzig.de\/en\/wp-json\/wp\/v2\/posts\/6697\/revisions"}],"predecessor-version":[{"id":6734,"href":"https:\/\/freiheitsdenkmal-leipzig.de\/en\/wp-json\/wp\/v2\/posts\/6697\/revisions\/6734"}],"wp:featuredmedia":[{"embeddable":true,"href":"https:\/\/freiheitsdenkmal-leipzig.de\/en\/wp-json\/wp\/v2\/media\/6700"}],"wp:attachment":[{"href":"https:\/\/freiheitsdenkmal-leipzig.de\/en\/wp-json\/wp\/v2\/media?parent=6697"}],"wp:term":[{"taxonomy":"category","embeddable":true,"href":"https:\/\/freiheitsdenkmal-leipzig.de\/en\/wp-json\/wp\/v2\/categories?post=6697"},{"taxonomy":"post_tag","embeddable":true,"href":"https:\/\/freiheitsdenkmal-leipzig.de\/en\/wp-json\/wp\/v2\/tags?post=6697"}],"curies":[{"name":"wp","href":"https:\/\/api.w.org\/{rel}","templated":true}]}}