{"id":6934,"date":"2024-08-01T08:54:42","date_gmt":"2024-08-01T08:54:42","guid":{"rendered":"https:\/\/freiheitsdenkmal-leipzig.de\/?p=6934"},"modified":"2024-08-01T09:00:04","modified_gmt":"2024-08-01T09:00:04","slug":"abschied-nuernberg","status":"publish","type":"post","link":"https:\/\/freiheitsdenkmal-leipzig.de\/en\/abschied-nuernberg","title":{"rendered":"Good Bye, N\u00fcrnberg!"},"content":{"rendered":"<section  class='av_textblock_section av-c8kwko-efb7b351bed4762bf6c3b1609d6ed279'   itemscope=\"itemscope\" itemtype=\"https:\/\/schema.org\/BlogPosting\" itemprop=\"blogPost\" ><div class='avia_textblock'  itemprop=\"text\" ><h2 class=\"Textbody\"><strong>Good Bye, N\u00fcrnberg!<br \/>\n<\/strong><\/h2>\n<h2 class=\"Textbody\"><strong>\u00a0<\/strong><\/h2>\n<\/div><\/section>\n\n<style type=\"text\/css\" data-created_by=\"avia_inline_auto\" id=\"style-css-av-lzb1lelb-93dfd317b4e66896dbacef615e38d0fb\">\n.avia-image-container.av-lzb1lelb-93dfd317b4e66896dbacef615e38d0fb img.avia_image{\nbox-shadow:none;\n}\n.avia-image-container.av-lzb1lelb-93dfd317b4e66896dbacef615e38d0fb .av-image-caption-overlay-center{\ncolor:#ffffff;\n}\n<\/style>\n<div  class='avia-image-container av-lzb1lelb-93dfd317b4e66896dbacef615e38d0fb av-styling- avia-align-center  avia-builder-el-1  el_after_av_textblock  el_before_av_image'   itemprop=\"image\" itemscope=\"itemscope\" itemtype=\"https:\/\/schema.org\/ImageObject\" ><div class=\"avia-image-container-inner\"><div class=\"avia-image-overlay-wrap\"><img decoding=\"async\" fetchpriority=\"high\" class='wp-image-6943 avia-img-lazy-loading-not-6943 avia_image' src=\"https:\/\/freiheitsdenkmal-leipzig.de\/wp-content\/uploads\/2024\/08\/IMG_20240717_193803-2-scaled.jpg\" alt='' title='IMG_20240717_193803-2'  height=\"860\" width=\"2560\"  itemprop=\"thumbnailUrl\" srcset=\"https:\/\/freiheitsdenkmal-leipzig.de\/wp-content\/uploads\/2024\/08\/IMG_20240717_193803-2-scaled.jpg 2560w, https:\/\/freiheitsdenkmal-leipzig.de\/wp-content\/uploads\/2024\/08\/IMG_20240717_193803-2-300x101.jpg 300w, https:\/\/freiheitsdenkmal-leipzig.de\/wp-content\/uploads\/2024\/08\/IMG_20240717_193803-2-1030x346.jpg 1030w, https:\/\/freiheitsdenkmal-leipzig.de\/wp-content\/uploads\/2024\/08\/IMG_20240717_193803-2-768x258.jpg 768w, https:\/\/freiheitsdenkmal-leipzig.de\/wp-content\/uploads\/2024\/08\/IMG_20240717_193803-2-1536x516.jpg 1536w, https:\/\/freiheitsdenkmal-leipzig.de\/wp-content\/uploads\/2024\/08\/IMG_20240717_193803-2-2048x688.jpg 2048w, https:\/\/freiheitsdenkmal-leipzig.de\/wp-content\/uploads\/2024\/08\/IMG_20240717_193803-2-18x6.jpg 18w, https:\/\/freiheitsdenkmal-leipzig.de\/wp-content\/uploads\/2024\/08\/IMG_20240717_193803-2-1500x504.jpg 1500w, https:\/\/freiheitsdenkmal-leipzig.de\/wp-content\/uploads\/2024\/08\/IMG_20240717_193803-2-705x237.jpg 705w\" sizes=\"(max-width: 2560px) 100vw, 2560px\" \/><\/div><\/div><\/div>\n\n<section  class='av_textblock_section av-lxiuopoz-98262c8081f0754ce832e4e6a09efda0'   itemscope=\"itemscope\" itemtype=\"https:\/\/schema.org\/BlogPosting\" itemprop=\"blogPost\" ><div class='avia_textblock'  itemprop=\"text\" ><p>Und wieder ist die REH auf dem Weg zur n\u00e4chsten Station, diesmal nach Hannover.<\/p>\n<p>Zeit f\u00fcr ein kurzes N\u00fcrnberg-Res\u00fcmee: In der zentralen Lage auf dem Klarissenplatz fand unsere Wanderausstellung \u201eDas Denkmal ist \u2026\u201c in N\u00fcrnberg erfreulich viel Aufmerksamkeit bzw. besonders viele Besucher:innen fanden in die Ausstellung. Entsprechen gab es hier viele gute Gespr\u00e4che und interessanten Austausch zu Gedenkkultur und dem Denkmal in Leipzig \u2013 besonders auch bei den F\u00fchrungen.<\/p>\n<p>Absolutes Veranstaltungshighlight war Alexander Mennickes Vortrag:\u00a0\u201eWISST IHR, WO ICH WOHNE? ICH WOHNE IN DER ZONE!&#8220;\u00a0&#8211;\u00a0\u00dcber Fu\u00dfball, Fans und Fanatismus in der DDR und Ostdeutschland. Der Veranstaltungsort Z-Bau war \u201eausverkauft\u201c und die Diskussion lebhaft.<\/p>\n<p>Vielen Dank an alle, die in N\u00fcrnberg mitgewirkt oder die Ausstellung besucht haben, besonders nat\u00fcrlich an unsere Partner:innen vor Ort<\/p>\n<p>Jetzt freuen wir uns auf Hannover ab 7. August!<\/p>\n<\/div><\/section>","protected":false},"excerpt":{"rendered":"","protected":false},"author":1,"featured_media":6935,"comment_status":"closed","ping_status":"open","sticky":false,"template":"","format":"standard","meta":{"footnotes":""},"categories":[19,22],"tags":[],"class_list":["post-6934","post","type-post","status-publish","format-standard","has-post-thumbnail","hentry","category-aktuelles","category-ausstellung"],"_links":{"self":[{"href":"https:\/\/freiheitsdenkmal-leipzig.de\/en\/wp-json\/wp\/v2\/posts\/6934"}],"collection":[{"href":"https:\/\/freiheitsdenkmal-leipzig.de\/en\/wp-json\/wp\/v2\/posts"}],"about":[{"href":"https:\/\/freiheitsdenkmal-leipzig.de\/en\/wp-json\/wp\/v2\/types\/post"}],"author":[{"embeddable":true,"href":"https:\/\/freiheitsdenkmal-leipzig.de\/en\/wp-json\/wp\/v2\/users\/1"}],"replies":[{"embeddable":true,"href":"https:\/\/freiheitsdenkmal-leipzig.de\/en\/wp-json\/wp\/v2\/comments?post=6934"}],"version-history":[{"count":6,"href":"https:\/\/freiheitsdenkmal-leipzig.de\/en\/wp-json\/wp\/v2\/posts\/6934\/revisions"}],"predecessor-version":[{"id":6941,"href":"https:\/\/freiheitsdenkmal-leipzig.de\/en\/wp-json\/wp\/v2\/posts\/6934\/revisions\/6941"}],"wp:featuredmedia":[{"embeddable":true,"href":"https:\/\/freiheitsdenkmal-leipzig.de\/en\/wp-json\/wp\/v2\/media\/6935"}],"wp:attachment":[{"href":"https:\/\/freiheitsdenkmal-leipzig.de\/en\/wp-json\/wp\/v2\/media?parent=6934"}],"wp:term":[{"taxonomy":"category","embeddable":true,"href":"https:\/\/freiheitsdenkmal-leipzig.de\/en\/wp-json\/wp\/v2\/categories?post=6934"},{"taxonomy":"post_tag","embeddable":true,"href":"https:\/\/freiheitsdenkmal-leipzig.de\/en\/wp-json\/wp\/v2\/tags?post=6934"}],"curies":[{"name":"wp","href":"https:\/\/api.w.org\/{rel}","templated":true}]}}