{"id":7122,"date":"2024-08-06T15:15:56","date_gmt":"2024-08-06T15:15:56","guid":{"rendered":"https:\/\/freiheitsdenkmal-leipzig.de\/?p=7122"},"modified":"2024-08-08T09:05:18","modified_gmt":"2024-08-08T09:05:18","slug":"in-hannover","status":"publish","type":"post","link":"https:\/\/freiheitsdenkmal-leipzig.de\/en\/in-hannover","title":{"rendered":"Das Denkmal ist &#8230; ab morgen in Hannover!"},"content":{"rendered":"<section  class='av_textblock_section av-lw64jctt-a0163652fd2d772427935e50e220d15b'   itemscope=\"itemscope\" itemtype=\"https:\/\/schema.org\/BlogPosting\" itemprop=\"blogPost\" ><div class='avia_textblock'  itemprop=\"text\" ><h2 class=\"Textbody\"><strong><span style=\"font-family: 'Helvetica',sans-serif;\">&#8222;Das Denkmal ist&#8230;&#8220; ab morgen in Hannover<\/span><\/strong><strong><span style=\"font-family: 'Helvetica',sans-serif;\"><br \/>\n<\/span><\/strong><\/h2>\n<\/div><\/section>\n<div  class='avia-slideshow av-lw658yii-2aae8d1a8aa9ca9968ed7e3b9199795b avia-slideshow-featured av_slideshow avia-slide-slider  avia-builder-el-1  el_after_av_textblock  el_before_av_textblock  av-slideshow-ui av-control-default av-slideshow-manual av-loop-once av-loop-manual-endless av-default-height-applied avia-slideshow-1' data-slideshow-options=\"{&quot;animation&quot;:&quot;slide&quot;,&quot;autoplay&quot;:false,&quot;loop_autoplay&quot;:&quot;once&quot;,&quot;interval&quot;:5,&quot;loop_manual&quot;:&quot;manual-endless&quot;,&quot;autoplay_stopper&quot;:false,&quot;noNavigation&quot;:false,&quot;bg_slider&quot;:false,&quot;keep_padding&quot;:false,&quot;hoverpause&quot;:false,&quot;show_slide_delay&quot;:0}\"  itemprop=\"image\" itemscope=\"itemscope\" itemtype=\"https:\/\/schema.org\/ImageObject\" ><ul class='avia-slideshow-inner' style='padding-bottom: 28.666666666667%;'><li  class='avia-slideshow-slide av-lw658yii-2aae8d1a8aa9ca9968ed7e3b9199795b__0  slide-1 slide-odd'><div data-rel='slideshow-1' class='avia-slide-wrap'   ><img decoding=\"async\" fetchpriority=\"high\" class=\"wp-image-6382 avia-img-lazy-loading-not-6382\"  src=\"https:\/\/freiheitsdenkmal-leipzig.de\/wp-content\/uploads\/2024\/06\/image00015-Kopie-1500x430.jpg\" width=\"1500\" height=\"430\" title='image00015 - Kopie' alt=''  itemprop=\"thumbnailUrl\"   \/><\/div><\/li><li  class='avia-slideshow-slide av-lw658yii-2aae8d1a8aa9ca9968ed7e3b9199795b__1  slide-2 slide-even'><div data-rel='slideshow-1' class='avia-slide-wrap'   ><img decoding=\"async\" fetchpriority=\"high\" class=\"wp-image-6209 avia-img-lazy-loading-not-6209\"  src=\"https:\/\/freiheitsdenkmal-leipzig.de\/wp-content\/uploads\/2024\/05\/DSC7356-1500x430.jpg\" width=\"1500\" height=\"430\" title='Ausstellung innen' alt=''  itemprop=\"thumbnailUrl\"   \/><\/div><\/li><\/ul><div class='avia-slideshow-arrows avia-slideshow-controls' ><a href='#prev' class='prev-slide' aria-hidden='true' data-av_icon='\ue87c' data-av_iconfont='entypo-fontello'  tabindex='-1'>Previous<\/a><a href='#next' class='next-slide' aria-hidden='true' data-av_icon='\ue87d' data-av_iconfont='entypo-fontello'  tabindex='-1'>Next<\/a><\/div><div class='avia-slideshow-dots avia-slideshow-controls'><a href='#1' class='goto-slide active' >1<\/a><a href='#2' class='goto-slide' >2<\/a><\/div><\/div>\n<section  class='av_textblock_section av-lw659mi1-7dd578aa7fed7bfdb2ac477b0bd64d99'   itemscope=\"itemscope\" itemtype=\"https:\/\/schema.org\/BlogPosting\" itemprop=\"blogPost\" ><div class='avia_textblock'  itemprop=\"text\" ><h2>Das Denkmal ist &#8230;\u00a0ab morgen in Hannover!<\/h2>\n<p>Vom 7. bis 25. August macht unsere Wanderausstellung \u201eDas Denkmal ist \u2026\u201c in ihrer Raumerweiterungshalle (REH) Station auf dem Trammplatz in Hannover<br \/>\nDie gr\u00f6\u00dftenteils filmischen Werke von elf internationalen K\u00fcnstler:innen laden im Innenraum wieder dazu ein, sich mit Perspektiven auf Erinnerungskultur und Denkmalsprozesse auseinander zu setzen.<br \/>\nIm Au\u00dfenbereich informiert die Ausstellung \u00fcber den bisherigen und zuk\u00fcnftigen Prozess zu einem Freiheits- und Einheitsdenkmal in Leipzig.<br \/>\nDie Ausstellung begleitend bietet unser Vermittlungsteam gemeinsam mit den Kooperationspartner:innen vor Ort ein umfangreiches <strong><a href=\"..\/rahmenprogramm-hannover\" target=\"_blank\" rel=\"noopener\">Rahmenprogramm in Hannover<\/a><\/strong> an.<br \/>\nWir freuen uns auf euren\/Ihren Besuch und auf Austausch zu Denkm\u00e4lern und dem Erinnern an die Friedliche Revolution 1989!<\/p>\n<p>-&gt; Im Anschluss an die Er\u00f6ffnung am 7. 8. um 14.30 Uhr wird es eine Kurator:innenf\u00fchrung durch die Ausstellung geben.<\/p>\n<\/div><\/section>","protected":false},"excerpt":{"rendered":"","protected":false},"author":1,"featured_media":6700,"comment_status":"closed","ping_status":"open","sticky":false,"template":"","format":"standard","meta":{"footnotes":""},"categories":[19,22],"tags":[],"class_list":["post-7122","post","type-post","status-publish","format-standard","has-post-thumbnail","hentry","category-aktuelles","category-ausstellung"],"_links":{"self":[{"href":"https:\/\/freiheitsdenkmal-leipzig.de\/en\/wp-json\/wp\/v2\/posts\/7122"}],"collection":[{"href":"https:\/\/freiheitsdenkmal-leipzig.de\/en\/wp-json\/wp\/v2\/posts"}],"about":[{"href":"https:\/\/freiheitsdenkmal-leipzig.de\/en\/wp-json\/wp\/v2\/types\/post"}],"author":[{"embeddable":true,"href":"https:\/\/freiheitsdenkmal-leipzig.de\/en\/wp-json\/wp\/v2\/users\/1"}],"replies":[{"embeddable":true,"href":"https:\/\/freiheitsdenkmal-leipzig.de\/en\/wp-json\/wp\/v2\/comments?post=7122"}],"version-history":[{"count":6,"href":"https:\/\/freiheitsdenkmal-leipzig.de\/en\/wp-json\/wp\/v2\/posts\/7122\/revisions"}],"predecessor-version":[{"id":7124,"href":"https:\/\/freiheitsdenkmal-leipzig.de\/en\/wp-json\/wp\/v2\/posts\/7122\/revisions\/7124"}],"wp:featuredmedia":[{"embeddable":true,"href":"https:\/\/freiheitsdenkmal-leipzig.de\/en\/wp-json\/wp\/v2\/media\/6700"}],"wp:attachment":[{"href":"https:\/\/freiheitsdenkmal-leipzig.de\/en\/wp-json\/wp\/v2\/media?parent=7122"}],"wp:term":[{"taxonomy":"category","embeddable":true,"href":"https:\/\/freiheitsdenkmal-leipzig.de\/en\/wp-json\/wp\/v2\/categories?post=7122"},{"taxonomy":"post_tag","embeddable":true,"href":"https:\/\/freiheitsdenkmal-leipzig.de\/en\/wp-json\/wp\/v2\/tags?post=7122"}],"curies":[{"name":"wp","href":"https:\/\/api.w.org\/{rel}","templated":true}]}}