{"id":7209,"date":"2024-08-08T12:22:18","date_gmt":"2024-08-08T12:22:18","guid":{"rendered":"https:\/\/freiheitsdenkmal-leipzig.de\/?p=7209"},"modified":"2024-08-08T12:24:48","modified_gmt":"2024-08-08T12:24:48","slug":"in-hannover-2","status":"publish","type":"post","link":"https:\/\/freiheitsdenkmal-leipzig.de\/en\/in-hannover-2","title":{"rendered":"Ausstellung in Hannover er\u00f6ffnet!"},"content":{"rendered":"<section  class='av_textblock_section av-lw64jctt-a0163652fd2d772427935e50e220d15b'   itemscope=\"itemscope\" itemtype=\"https:\/\/schema.org\/BlogPosting\" itemprop=\"blogPost\" ><div class='avia_textblock'  itemprop=\"text\" ><h2 class=\"Textbody\"><strong><span style=\"font-family: 'Helvetica',sans-serif;\">Ausstellung &#8222;Das Denkmal ist&#8230;&#8220; in Hannover er\u00f6ffnet<\/span><\/strong><strong><span style=\"font-family: 'Helvetica',sans-serif;\"><br \/>\n<\/span><\/strong><\/h2>\n<\/div><\/section>\n<div  class='avia-slideshow av-lw658yii-2aae8d1a8aa9ca9968ed7e3b9199795b avia-slideshow-featured av_slideshow avia-slide-slider  avia-builder-el-1  el_after_av_textblock  el_before_av_textblock  av-slideshow-ui av-control-default av-slideshow-manual av-loop-once av-loop-manual-endless av-default-height-applied avia-slideshow-1' data-slideshow-options=\"{&quot;animation&quot;:&quot;slide&quot;,&quot;autoplay&quot;:false,&quot;loop_autoplay&quot;:&quot;once&quot;,&quot;interval&quot;:5,&quot;loop_manual&quot;:&quot;manual-endless&quot;,&quot;autoplay_stopper&quot;:false,&quot;noNavigation&quot;:false,&quot;bg_slider&quot;:false,&quot;keep_padding&quot;:false,&quot;hoverpause&quot;:false,&quot;show_slide_delay&quot;:0}\"  itemprop=\"image\" itemscope=\"itemscope\" itemtype=\"https:\/\/schema.org\/ImageObject\" ><ul class='avia-slideshow-inner' style='padding-bottom: 28.666666666667%;'><li  class='avia-slideshow-slide av-lw658yii-2aae8d1a8aa9ca9968ed7e3b9199795b__0  slide-1 slide-odd'><div data-rel='slideshow-1' class='avia-slide-wrap'   ><img decoding=\"async\" fetchpriority=\"high\" class=\"wp-image-7213 avia-img-lazy-loading-not-7213\"  src=\"https:\/\/freiheitsdenkmal-leipzig.de\/wp-content\/uploads\/2024\/08\/WhatsApp-Image-2024-08-08-at-12.58.382-1500x430.jpg\" width=\"1500\" height=\"430\" title='WhatsApp Image 2024-08-08 at 12.58.38(2)' alt=''  itemprop=\"thumbnailUrl\"   \/><\/div><\/li><li  class='avia-slideshow-slide av-lw658yii-2aae8d1a8aa9ca9968ed7e3b9199795b__1  slide-2 slide-even'><div data-rel='slideshow-1' class='avia-slide-wrap'   ><img decoding=\"async\" fetchpriority=\"high\" class=\"wp-image-7211 avia-img-lazy-loading-not-7211\"  src=\"https:\/\/freiheitsdenkmal-leipzig.de\/wp-content\/uploads\/2024\/08\/WhatsApp-Image-2024-08-08-at-12.58.312-1500x430.jpg\" width=\"1500\" height=\"430\" title='WhatsApp Image 2024-08-08 at 12.58.31(2)' alt=''  itemprop=\"thumbnailUrl\"   \/><\/div><\/li><\/ul><div class='avia-slideshow-arrows avia-slideshow-controls' ><a href='#prev' class='prev-slide' aria-hidden='true' data-av_icon='\ue87c' data-av_iconfont='entypo-fontello'  tabindex='-1'>Previous<\/a><a href='#next' class='next-slide' aria-hidden='true' data-av_icon='\ue87d' data-av_iconfont='entypo-fontello'  tabindex='-1'>Next<\/a><\/div><div class='avia-slideshow-dots avia-slideshow-controls'><a href='#1' class='goto-slide active' >1<\/a><a href='#2' class='goto-slide' >2<\/a><\/div><\/div>\n<section  class='av_textblock_section av-lw659mi1-7dd578aa7fed7bfdb2ac477b0bd64d99'   itemscope=\"itemscope\" itemtype=\"https:\/\/schema.org\/BlogPosting\" itemprop=\"blogPost\" ><div class='avia_textblock'  itemprop=\"text\" ><p>Die Ausstellung \u201eDas Denkmal ist &#8230;\u201c in Hannover ist er\u00f6ffnet! Sch\u00f6n war\u2018s und alle Gewitter haben uns und unsere G\u00e4ste verschont! Wir freuen uns auf spannende Wochen in Leipzigs Partnerstadt!<\/p>\n<p>Die Ausstellung in und um die Raumerweiterungshalle (REH) ist bis zum Ausstellungsende am 25. August t\u00e4glich von 11 bis 19 Uhr ge\u00f6ffnet. Als Erg\u00e4nzung zu den Exponaten und Texten der Ausstellung erwartet Sie ein interessantes <a href=\"https:\/\/freiheitsdenkmal-leipzig.de\/en\/rahmenprogramm-hannover\/\" target=\"_blank\" rel=\"noopener\"><strong>Rahmenprogramm<\/strong><\/a><strong>.<\/strong><\/p>\n<h4>Innenraum<\/h4>\n<p>In der Wanderausstellung setzen sich elf internationale K\u00fcnstler*innen mit der Friedlichen Revolution und Gedenkkultur auseinander, gr\u00f6\u00dftenteils in filmischen Arbeiten. Sie werfen dabei Fragen auf wie: Welche neuen Sichtweisen auf die Geschichte kann ein Denkmal erm\u00f6glichen? Wen spricht es\u00a0 an und f\u00fcr wen spricht es? Welche Funktionen soll es in der Gegenwart erf\u00fcllen? Was wollen wir kommenden Generationen vermitteln? Wie ver\u00e4ndern sich Denkm\u00e4ler und ihre Betrachtung mit der Zeit?<\/p>\n<h4>Au\u00dfenbereich<\/h4>\n<p>Im Au\u00dfenbereich der Ausstellung informieren Tafeln \u00fcber den Prozess zum kommenden Freiheits- und Einheitsdenkmal in Leipzig.<\/p>\n<h4>REH<\/h4>\n<p>Die REH sieht auf dem Trammplatz besonders gut aus, finden wir! Die Raumerweiterungshalle ist der Idealer Raum f\u00fcr unsere Wanderausstellung, und kann trotz ihrer 7,5 Tonnen zusammengeschoben und innerhalb eines Tages ab- und aufgebaut werden. In den 1960er Jahren entwickelt, bot diese Geb\u00e4udeform eine flexible Nutzung und damit eine konstruktive L\u00f6sung f\u00fcr Raumnot und Fachleutemangel in der DDR. Sie wurde verbreitet als Kindergarten, Kino und in der Gastronomie genutzt.<\/p>\n<\/div><\/section>","protected":false},"excerpt":{"rendered":"","protected":false},"author":1,"featured_media":7217,"comment_status":"closed","ping_status":"open","sticky":false,"template":"","format":"standard","meta":{"footnotes":""},"categories":[19,22],"tags":[],"class_list":["post-7209","post","type-post","status-publish","format-standard","has-post-thumbnail","hentry","category-aktuelles","category-ausstellung"],"_links":{"self":[{"href":"https:\/\/freiheitsdenkmal-leipzig.de\/en\/wp-json\/wp\/v2\/posts\/7209"}],"collection":[{"href":"https:\/\/freiheitsdenkmal-leipzig.de\/en\/wp-json\/wp\/v2\/posts"}],"about":[{"href":"https:\/\/freiheitsdenkmal-leipzig.de\/en\/wp-json\/wp\/v2\/types\/post"}],"author":[{"embeddable":true,"href":"https:\/\/freiheitsdenkmal-leipzig.de\/en\/wp-json\/wp\/v2\/users\/1"}],"replies":[{"embeddable":true,"href":"https:\/\/freiheitsdenkmal-leipzig.de\/en\/wp-json\/wp\/v2\/comments?post=7209"}],"version-history":[{"count":3,"href":"https:\/\/freiheitsdenkmal-leipzig.de\/en\/wp-json\/wp\/v2\/posts\/7209\/revisions"}],"predecessor-version":[{"id":7216,"href":"https:\/\/freiheitsdenkmal-leipzig.de\/en\/wp-json\/wp\/v2\/posts\/7209\/revisions\/7216"}],"wp:featuredmedia":[{"embeddable":true,"href":"https:\/\/freiheitsdenkmal-leipzig.de\/en\/wp-json\/wp\/v2\/media\/7217"}],"wp:attachment":[{"href":"https:\/\/freiheitsdenkmal-leipzig.de\/en\/wp-json\/wp\/v2\/media?parent=7209"}],"wp:term":[{"taxonomy":"category","embeddable":true,"href":"https:\/\/freiheitsdenkmal-leipzig.de\/en\/wp-json\/wp\/v2\/categories?post=7209"},{"taxonomy":"post_tag","embeddable":true,"href":"https:\/\/freiheitsdenkmal-leipzig.de\/en\/wp-json\/wp\/v2\/tags?post=7209"}],"curies":[{"name":"wp","href":"https:\/\/api.w.org\/{rel}","templated":true}]}}