{"id":7301,"date":"2024-08-09T08:23:50","date_gmt":"2024-08-09T08:23:50","guid":{"rendered":"https:\/\/freiheitsdenkmal-leipzig.de\/?p=7301"},"modified":"2024-09-09T08:24:11","modified_gmt":"2024-09-09T08:24:11","slug":"podcast-11","status":"publish","type":"post","link":"https:\/\/freiheitsdenkmal-leipzig.de\/en\/podcast-11","title":{"rendered":"Podcast: Das Wunder von Dresden"},"content":{"rendered":"<section  class='av_textblock_section av-4kuuiv-33b1503c011f55bb66d7ea39054d5082'   itemscope=\"itemscope\" itemtype=\"https:\/\/schema.org\/BlogPosting\" itemprop=\"blogPost\" ><div class='avia_textblock'  itemprop=\"text\" ><h3><a href=\"https:\/\/freiheitsdenkmal-leipzig.de\/en\/podcast\/\" target=\"_blank\" rel=\"noopener\">Podcast-Folge 11 ist online!<\/a><\/h3>\n<\/div><\/section>\n\n<style type=\"text\/css\" data-created_by=\"avia_inline_auto\" id=\"style-css-av-lwovjb0i-80140add5874272434b936dcebc90ae5\">\n.avia-image-container.av-lwovjb0i-80140add5874272434b936dcebc90ae5 img.avia_image{\nbox-shadow:none;\n}\n.avia-image-container.av-lwovjb0i-80140add5874272434b936dcebc90ae5 .av-image-caption-overlay-center{\ncolor:#ffffff;\n}\n<\/style>\n<div  class='avia-image-container av-lwovjb0i-80140add5874272434b936dcebc90ae5 av-styling- avia-align-center  avia-builder-el-1  el_after_av_textblock  el_before_av_textblock'   itemprop=\"image\" itemscope=\"itemscope\" itemtype=\"https:\/\/schema.org\/ImageObject\" ><div class=\"avia-image-container-inner\"><div class=\"avia-image-overlay-wrap\"><img decoding=\"async\" fetchpriority=\"high\" class='wp-image-7222 avia-img-lazy-loading-not-7222 avia_image' src=\"https:\/\/freiheitsdenkmal-leipzig.de\/wp-content\/uploads\/2024\/08\/IMG_9545.jpg\" alt='' title='IMG_9545'  height=\"509\" width=\"1497\"  itemprop=\"thumbnailUrl\" srcset=\"https:\/\/freiheitsdenkmal-leipzig.de\/wp-content\/uploads\/2024\/08\/IMG_9545.jpg 1497w, https:\/\/freiheitsdenkmal-leipzig.de\/wp-content\/uploads\/2024\/08\/IMG_9545-300x102.jpg 300w, https:\/\/freiheitsdenkmal-leipzig.de\/wp-content\/uploads\/2024\/08\/IMG_9545-1030x350.jpg 1030w, https:\/\/freiheitsdenkmal-leipzig.de\/wp-content\/uploads\/2024\/08\/IMG_9545-768x261.jpg 768w, https:\/\/freiheitsdenkmal-leipzig.de\/wp-content\/uploads\/2024\/08\/IMG_9545-18x6.jpg 18w, https:\/\/freiheitsdenkmal-leipzig.de\/wp-content\/uploads\/2024\/08\/IMG_9545-705x240.jpg 705w\" sizes=\"(max-width: 1497px) 100vw, 1497px\" \/><\/div><\/div><\/div>\n<section  class='av_textblock_section av-2icg5z-f08a110d74230e184974cc64a6d887dd'   itemscope=\"itemscope\" itemtype=\"https:\/\/schema.org\/BlogPosting\" itemprop=\"blogPost\" ><div class='avia_textblock'  itemprop=\"text\" ><h3 class=\"gmail_default\"><a href=\"https:\/\/freiheitsdenkmal-leipzig.de\/en\/podcast\/\" target=\"_blank\" rel=\"noopener\">Das Wunder von Dresden<\/a><\/h3>\n<h4 class=\"gmail_default\">Frank Richter und die Gruppe der 20<\/h4>\n<div class=\"gmail_default\"><\/div>\n<div class=\"gmail_default\">\n<p>Wir treffen Frank Richter in Dresden. Richter ist Abgeordneter im S\u00e4chsischen Landtag f\u00fcr die SPD. Deutschlandweit bekannt wurde er vor allem als Vermittler in der Debatte um Gefl\u00fcchtete 2015. Damals war er Direktor der Landeszentrale politische Bildung im Freistaat.<br \/>\nPolitisch aktiv war Richter allerdings bereits w\u00e4hrend der Friedlichen Revolution Ende der 80ger Jahre. Als Pfarrer einer katholischen Gemeinde in Dresden gr\u00fcndete er die Gruppe der 20 mit.<\/p>\n<p>Was es mit der auf sich hat \u2013 und wie die Demonstrationen im Herbst 1989 in der heutigen s\u00e4chsischen Landeshauptstadt abliefen \u2013 n\u00e4mlich nicht gewaltfrei \u2013 darum geht es in dieser Folge.<br \/>\nProduziert haben sie wie immer die Journalisten Pierre Gehmlich und Bj\u00f6rn Menzel.<br \/>\n<strong><a href=\"https:\/\/freiheitsdenkmal-leipzig.de\/en\/podcast\/\" target=\"_blank\" rel=\"noopener\">Viel Spa\u00df beim H\u00f6ren!<\/a><\/strong><\/p>\n<\/div>\n<\/div><\/section>","protected":false},"excerpt":{"rendered":"","protected":false},"author":1,"featured_media":7222,"comment_status":"closed","ping_status":"open","sticky":false,"template":"","format":"standard","meta":{"footnotes":""},"categories":[19],"tags":[],"class_list":["post-7301","post","type-post","status-publish","format-standard","has-post-thumbnail","hentry","category-aktuelles"],"_links":{"self":[{"href":"https:\/\/freiheitsdenkmal-leipzig.de\/en\/wp-json\/wp\/v2\/posts\/7301"}],"collection":[{"href":"https:\/\/freiheitsdenkmal-leipzig.de\/en\/wp-json\/wp\/v2\/posts"}],"about":[{"href":"https:\/\/freiheitsdenkmal-leipzig.de\/en\/wp-json\/wp\/v2\/types\/post"}],"author":[{"embeddable":true,"href":"https:\/\/freiheitsdenkmal-leipzig.de\/en\/wp-json\/wp\/v2\/users\/1"}],"replies":[{"embeddable":true,"href":"https:\/\/freiheitsdenkmal-leipzig.de\/en\/wp-json\/wp\/v2\/comments?post=7301"}],"version-history":[{"count":2,"href":"https:\/\/freiheitsdenkmal-leipzig.de\/en\/wp-json\/wp\/v2\/posts\/7301\/revisions"}],"predecessor-version":[{"id":7653,"href":"https:\/\/freiheitsdenkmal-leipzig.de\/en\/wp-json\/wp\/v2\/posts\/7301\/revisions\/7653"}],"wp:featuredmedia":[{"embeddable":true,"href":"https:\/\/freiheitsdenkmal-leipzig.de\/en\/wp-json\/wp\/v2\/media\/7222"}],"wp:attachment":[{"href":"https:\/\/freiheitsdenkmal-leipzig.de\/en\/wp-json\/wp\/v2\/media?parent=7301"}],"wp:term":[{"taxonomy":"category","embeddable":true,"href":"https:\/\/freiheitsdenkmal-leipzig.de\/en\/wp-json\/wp\/v2\/categories?post=7301"},{"taxonomy":"post_tag","embeddable":true,"href":"https:\/\/freiheitsdenkmal-leipzig.de\/en\/wp-json\/wp\/v2\/tags?post=7301"}],"curies":[{"name":"wp","href":"https:\/\/api.w.org\/{rel}","templated":true}]}}