{"id":7752,"date":"2024-09-24T15:37:53","date_gmt":"2024-09-24T15:37:53","guid":{"rendered":"https:\/\/freiheitsdenkmal-leipzig.de\/?p=7752"},"modified":"2024-09-25T07:05:40","modified_gmt":"2024-09-25T07:05:40","slug":"muenster-abschied","status":"publish","type":"post","link":"https:\/\/freiheitsdenkmal-leipzig.de\/en\/muenster-abschied","title":{"rendered":"Danke, M\u00fcnster!"},"content":{"rendered":"<section  class='av_textblock_section av-lw64jctt-a0163652fd2d772427935e50e220d15b'   itemscope=\"itemscope\" itemtype=\"https:\/\/schema.org\/BlogPosting\" itemprop=\"blogPost\" ><div class='avia_textblock'  itemprop=\"text\" ><h2 class=\"Textbody\"><strong><span style=\"font-family: 'Helvetica',sans-serif;\">&#8230; und auf Wiedersehen!<\/span><\/strong><strong><span style=\"font-family: 'Helvetica',sans-serif;\"><br \/>\n<\/span><\/strong><\/h2>\n<\/div><\/section>\n<div  class='avia-slideshow av-m0p8tg4l-1c6f6a3a25b3f94fad7e882c709778c9 avia-slideshow-featured_large av_slideshow avia-slide-slider  avia-builder-el-1  el_after_av_textblock  el_before_av_textblock  av-slideshow-ui av-control-default av-slideshow-manual av-loop-once av-loop-manual-endless av-default-height-applied avia-slideshow-1' data-slideshow-options=\"{&quot;animation&quot;:&quot;slide&quot;,&quot;autoplay&quot;:false,&quot;loop_autoplay&quot;:&quot;once&quot;,&quot;interval&quot;:5,&quot;loop_manual&quot;:&quot;manual-endless&quot;,&quot;autoplay_stopper&quot;:false,&quot;noNavigation&quot;:false,&quot;bg_slider&quot;:false,&quot;keep_padding&quot;:false,&quot;hoverpause&quot;:false,&quot;show_slide_delay&quot;:0}\"  itemprop=\"image\" itemscope=\"itemscope\" itemtype=\"https:\/\/schema.org\/ImageObject\" ><ul class='avia-slideshow-inner' style='padding-bottom: 42%;'><li  class='avia-slideshow-slide av-m0p8tg4l-1c6f6a3a25b3f94fad7e882c709778c9__0  slide-1 slide-odd'><div data-rel='slideshow-1' class='avia-slide-wrap'   ><img decoding=\"async\" fetchpriority=\"high\" class=\"wp-image-7759 avia-img-lazy-loading-not-7759\"  src=\"https:\/\/freiheitsdenkmal-leipzig.de\/wp-content\/uploads\/2024\/09\/IMG_1518-1500x630.jpeg\" width=\"1500\" height=\"630\" title='IMG_1518' alt=''  itemprop=\"thumbnailUrl\"   \/><\/div><\/li><li  class='avia-slideshow-slide av-m0p8tg4l-1c6f6a3a25b3f94fad7e882c709778c9__1  slide-2 slide-even'><div data-rel='slideshow-1' class='avia-slide-wrap'   ><img decoding=\"async\" fetchpriority=\"high\" class=\"wp-image-7754 avia-img-lazy-loading-not-7754\"  src=\"https:\/\/freiheitsdenkmal-leipzig.de\/wp-content\/uploads\/2024\/09\/WhatsApp-Image-2024-09-04-at-13.22.592-1500x630.jpeg\" width=\"1500\" height=\"630\" title='WhatsApp Image 2024-09-04 at 13.22.59(2)' alt=''  itemprop=\"thumbnailUrl\"   \/><\/div><\/li><li  class='avia-slideshow-slide av-m0p8tg4l-1c6f6a3a25b3f94fad7e882c709778c9__2  slide-3 slide-odd'><div data-rel='slideshow-1' class='avia-slide-wrap'   ><img decoding=\"async\" fetchpriority=\"high\" class=\"wp-image-7755 avia-img-lazy-loading-not-7755\"  src=\"https:\/\/freiheitsdenkmal-leipzig.de\/wp-content\/uploads\/2024\/09\/IMG_1492-1500x630.jpeg\" width=\"1500\" height=\"630\" title='IMG_1492' alt=''  itemprop=\"thumbnailUrl\"   \/><\/div><\/li><li  class='avia-slideshow-slide av-m0p8tg4l-1c6f6a3a25b3f94fad7e882c709778c9__3  slide-4 slide-even'><div data-rel='slideshow-1' class='avia-slide-wrap'   ><img decoding=\"async\" fetchpriority=\"high\" class=\"wp-image-7757 avia-img-lazy-loading-not-7757\"  src=\"https:\/\/freiheitsdenkmal-leipzig.de\/wp-content\/uploads\/2024\/09\/IMG_1532-1500x630.jpeg\" width=\"1500\" height=\"630\" title='IMG_1532' alt=''  itemprop=\"thumbnailUrl\"   \/><\/div><\/li><li  class='avia-slideshow-slide av-m0p8tg4l-1c6f6a3a25b3f94fad7e882c709778c9__4  slide-5 slide-odd'><div data-rel='slideshow-1' class='avia-slide-wrap'   ><img decoding=\"async\" fetchpriority=\"high\" class=\"wp-image-7758 avia-img-lazy-loading-not-7758\"  src=\"https:\/\/freiheitsdenkmal-leipzig.de\/wp-content\/uploads\/2024\/09\/IMG_1513-1500x630.jpeg\" width=\"1500\" height=\"630\" title='IMG_1513' alt=''  itemprop=\"thumbnailUrl\"   \/><\/div><\/li><\/ul><div class='avia-slideshow-arrows avia-slideshow-controls' ><a href='#prev' class='prev-slide' aria-hidden='true' data-av_icon='\ue87c' data-av_iconfont='entypo-fontello'  tabindex='-1'>Previous<\/a><a href='#next' class='next-slide' aria-hidden='true' data-av_icon='\ue87d' data-av_iconfont='entypo-fontello'  tabindex='-1'>Next<\/a><\/div><div class='avia-slideshow-dots avia-slideshow-controls'><a href='#1' class='goto-slide active' >1<\/a><a href='#2' class='goto-slide' >2<\/a><a href='#3' class='goto-slide' >3<\/a><a href='#4' class='goto-slide' >4<\/a><a href='#5' class='goto-slide' >5<\/a><\/div><\/div>\n<section  class='av_textblock_section av-lw659mi1-7dd578aa7fed7bfdb2ac477b0bd64d99'   itemscope=\"itemscope\" itemtype=\"https:\/\/schema.org\/BlogPosting\" itemprop=\"blogPost\" ><div class='avia_textblock'  itemprop=\"text\" ><p class=\"_ap3a _aaco _aacu _aacx _aad7 _aade\" dir=\"auto\">Unsere Reise unterwegs mit der Wanderausstellung ist vorbei!<br \/>\nAn unserer letzten Station M\u00fcnster hatten wir noch einmal eine sehr sch\u00f6ne und interessante Zeit und sind bei den vielen Veranstaltungen und F\u00fchrungen mit ganz unterschiedlichen Menschen ins Gespr\u00e4ch gekommen \u2012 \u00fcber ihre Erinnerungen an die Friedliche Revolution und das zuk\u00fcnftige Denkmal in Leipzig.<\/p>\n<p class=\"_ap3a _aaco _aacu _aacx _aad7 _aade\" dir=\"auto\">Beim Stadtrundgang haben wir mit Philipp Erdmann vom Stadtarchiv M\u00fcnster unsere Ausstellung sowie Denkm\u00e4ler auf der Promenade besucht, mit den interessierten Besucher:innen lebhaft \u00fcber die Aktualit\u00e4t von Denkm\u00e4lern diskutiert und uns \u00fcber Fragen nach Repr\u00e4sentation und Deutungshoheit ausgetauscht.<\/p>\n<p class=\"_ap3a _aaco _aacu _aacx _aad7 _aade\" dir=\"auto\">In zahlreichen Schulworkshops haben wir spannende Einblicke in die Sicht von Sch\u00fcler:innen auf Denkm\u00e4ler und Erinnerungskultur bekommen.<br \/>\nMichel Cramers Vortrag \u00fcber den \u201eRadweg Eiserner Vorhang\u201c hat uns die besondere Facetten Europas aufgezeigt.<\/p>\n<p>Siegbert Schefke fesselte sein Publikum mit der Schilderung, wie er und Aram Radomski es schafften, die wohl einzigen Filmaufnahmen vom 9. Oktober 1989 in Leipzig zu drehen und zu verbreiten \u2012 und welchen Ansporn das f\u00fcr nachfolgenden Demonstrationen bedeutete.<\/p>\n<p>Vielen Dank an alle, die unsere Ausstellung oder eine der Veranstaltungen besucht haben, an das Team vor Ort und alle, die uns vor Ort unterst\u00fctzt haben \u2012 ganz besonders an M\u00fcnster Marketing und das Friedensb\u00fcro f\u00fcr die wunderbare Zusammenarbeit und die hervorragende Unterst\u00fctzung bei der Organisation, ohne die wir sicher nicht so viele Menschen erreicht h\u00e4tten!<\/p>\n<p><span class=\"x7l2uk3 xt0e3qv\">\u00a0<\/span><\/p>\n<\/div><\/section>","protected":false},"excerpt":{"rendered":"","protected":false},"author":1,"featured_media":7759,"comment_status":"closed","ping_status":"open","sticky":false,"template":"","format":"standard","meta":{"footnotes":""},"categories":[19,22],"tags":[],"class_list":["post-7752","post","type-post","status-publish","format-standard","has-post-thumbnail","hentry","category-aktuelles","category-ausstellung"],"_links":{"self":[{"href":"https:\/\/freiheitsdenkmal-leipzig.de\/en\/wp-json\/wp\/v2\/posts\/7752"}],"collection":[{"href":"https:\/\/freiheitsdenkmal-leipzig.de\/en\/wp-json\/wp\/v2\/posts"}],"about":[{"href":"https:\/\/freiheitsdenkmal-leipzig.de\/en\/wp-json\/wp\/v2\/types\/post"}],"author":[{"embeddable":true,"href":"https:\/\/freiheitsdenkmal-leipzig.de\/en\/wp-json\/wp\/v2\/users\/1"}],"replies":[{"embeddable":true,"href":"https:\/\/freiheitsdenkmal-leipzig.de\/en\/wp-json\/wp\/v2\/comments?post=7752"}],"version-history":[{"count":10,"href":"https:\/\/freiheitsdenkmal-leipzig.de\/en\/wp-json\/wp\/v2\/posts\/7752\/revisions"}],"predecessor-version":[{"id":7769,"href":"https:\/\/freiheitsdenkmal-leipzig.de\/en\/wp-json\/wp\/v2\/posts\/7752\/revisions\/7769"}],"wp:featuredmedia":[{"embeddable":true,"href":"https:\/\/freiheitsdenkmal-leipzig.de\/en\/wp-json\/wp\/v2\/media\/7759"}],"wp:attachment":[{"href":"https:\/\/freiheitsdenkmal-leipzig.de\/en\/wp-json\/wp\/v2\/media?parent=7752"}],"wp:term":[{"taxonomy":"category","embeddable":true,"href":"https:\/\/freiheitsdenkmal-leipzig.de\/en\/wp-json\/wp\/v2\/categories?post=7752"},{"taxonomy":"post_tag","embeddable":true,"href":"https:\/\/freiheitsdenkmal-leipzig.de\/en\/wp-json\/wp\/v2\/tags?post=7752"}],"curies":[{"name":"wp","href":"https:\/\/api.w.org\/{rel}","templated":true}]}}