{"id":8029,"date":"2024-09-30T14:06:23","date_gmt":"2024-09-30T14:06:23","guid":{"rendered":"https:\/\/freiheitsdenkmal-leipzig.de\/?p=8029"},"modified":"2024-10-01T14:13:21","modified_gmt":"2024-10-01T14:13:21","slug":"wettbewerb-24-09-30","status":"publish","type":"post","link":"https:\/\/freiheitsdenkmal-leipzig.de\/en\/wettbewerb-24-09-30","title":{"rendered":"Siegerentwurf am 2. Oktober"},"content":{"rendered":"<section  class='av_textblock_section av-4kuuiv-33b1503c011f55bb66d7ea39054d5082'   itemscope=\"itemscope\" itemtype=\"https:\/\/schema.org\/BlogPosting\" itemprop=\"blogPost\" ><div class='avia_textblock'  itemprop=\"text\" ><h3>Die Wettbewerbsjury tagt heute und morgen<\/h3>\n<\/div><\/section>\n<div  class='flex_column av-35g3jm-e0bfae88a9842e1bdc69f1023f27933d av_one_full  avia-builder-el-1  el_after_av_textblock  el_before_av_textblock  first flex_column_div  column-top-margin'     ><style type=\"text\/css\" data-created_by=\"avia_inline_auto\" id=\"style-css-av-m14p9tpu-2fbe6c695d9b1095653569ca13c865c0\">\n.avia-image-container.av-m14p9tpu-2fbe6c695d9b1095653569ca13c865c0 img.avia_image{\nbox-shadow:none;\n}\n.avia-image-container.av-m14p9tpu-2fbe6c695d9b1095653569ca13c865c0 .av-image-caption-overlay-center{\ncolor:#ffffff;\n}\n<\/style>\n<div  class='avia-image-container av-m14p9tpu-2fbe6c695d9b1095653569ca13c865c0 av-styling- avia-align-center  avia-builder-el-2  avia-builder-el-no-sibling'   itemprop=\"image\" itemscope=\"itemscope\" itemtype=\"https:\/\/schema.org\/ImageObject\" ><div class=\"avia-image-container-inner\"><div class=\"avia-image-overlay-wrap\"><img decoding=\"async\" fetchpriority=\"high\" class='wp-image-8045 avia-img-lazy-loading-not-8045 avia_image' src=\"https:\/\/freiheitsdenkmal-leipzig.de\/wp-content\/uploads\/2024\/09\/240930Preisgericht_Tag1_anonymn2409710-beschn-scaled.jpg\" alt='' title='240930Preisgericht_Tag1_anonymn2409710-beschn'  height=\"1327\" width=\"2560\"  itemprop=\"thumbnailUrl\" srcset=\"https:\/\/freiheitsdenkmal-leipzig.de\/wp-content\/uploads\/2024\/09\/240930Preisgericht_Tag1_anonymn2409710-beschn-scaled.jpg 2560w, https:\/\/freiheitsdenkmal-leipzig.de\/wp-content\/uploads\/2024\/09\/240930Preisgericht_Tag1_anonymn2409710-beschn-300x156.jpg 300w, https:\/\/freiheitsdenkmal-leipzig.de\/wp-content\/uploads\/2024\/09\/240930Preisgericht_Tag1_anonymn2409710-beschn-1030x534.jpg 1030w, https:\/\/freiheitsdenkmal-leipzig.de\/wp-content\/uploads\/2024\/09\/240930Preisgericht_Tag1_anonymn2409710-beschn-768x398.jpg 768w, https:\/\/freiheitsdenkmal-leipzig.de\/wp-content\/uploads\/2024\/09\/240930Preisgericht_Tag1_anonymn2409710-beschn-1536x796.jpg 1536w, https:\/\/freiheitsdenkmal-leipzig.de\/wp-content\/uploads\/2024\/09\/240930Preisgericht_Tag1_anonymn2409710-beschn-2048x1062.jpg 2048w, https:\/\/freiheitsdenkmal-leipzig.de\/wp-content\/uploads\/2024\/09\/240930Preisgericht_Tag1_anonymn2409710-beschn-18x9.jpg 18w, https:\/\/freiheitsdenkmal-leipzig.de\/wp-content\/uploads\/2024\/09\/240930Preisgericht_Tag1_anonymn2409710-beschn-1500x778.jpg 1500w, https:\/\/freiheitsdenkmal-leipzig.de\/wp-content\/uploads\/2024\/09\/240930Preisgericht_Tag1_anonymn2409710-beschn-705x365.jpg 705w\" sizes=\"(max-width: 2560px) 100vw, 2560px\" \/><\/div><\/div><\/div><\/div><section  class='av_textblock_section av-2icg5z-f08a110d74230e184974cc64a6d887dd'   itemscope=\"itemscope\" itemtype=\"https:\/\/schema.org\/BlogPosting\" itemprop=\"blogPost\" ><div class='avia_textblock'  itemprop=\"text\" ><h4>Die Spannung steigt!<\/h4>\n<p>Seit heute tagt die Jury aus <strong><a href=\"https:\/\/www.wettbewerb-freiheits-und-einheitsdenkmal-leipzig.de\/projects_fel_generic2.htm\" target=\"_blank\" rel=\"noopener\">Fachpreisrichter: innen und Sachpreisrichter:innen<\/a><\/strong>, die aus den anonymisierten Entw\u00fcrfen zu einem Freiheits und Einheitsdenkmal in Leipzig den Siegerentwurf ausw\u00e4hlen wird. Der Wettbewerb wird dar\u00fcber hinaus von einer Gruppe nicht stimmberechtigter Sachverst\u00e4ndiger begleitet. Ihr geh\u00f6ren Vertreter:innen der Fraktionen des Leipziger Stadtrates, aus st\u00e4dtischen \u00c4mtern und Leipziger Museen an.<\/p>\n<p>\u00dcbermorgen, am 2. Oktober 2024, werden die ersten drei Pl\u00e4tze des Wettbewerbs bekannt gegeben.<\/p>\n<div class=\"flex_column av-1ylbja-36dfca18f6434873ca50c56a67ab7e98 av_one_full avia-builder-el-24 el_after_av_one_full el_before_av_toggle_container first flex_column_div column-top-margin\">\n<section class=\"av_textblock_section av-m1kihqbs-ebd923c748734cc4ec2d9c540471d816\">\n<div class=\"avia_textblock\"><\/div>\n<\/section>\n<\/div>\n<\/div><\/section><\/p>","protected":false},"excerpt":{"rendered":"","protected":false},"author":1,"featured_media":8018,"comment_status":"closed","ping_status":"open","sticky":false,"template":"","format":"standard","meta":{"footnotes":""},"categories":[19],"tags":[],"class_list":["post-8029","post","type-post","status-publish","format-standard","has-post-thumbnail","hentry","category-aktuelles"],"_links":{"self":[{"href":"https:\/\/freiheitsdenkmal-leipzig.de\/en\/wp-json\/wp\/v2\/posts\/8029"}],"collection":[{"href":"https:\/\/freiheitsdenkmal-leipzig.de\/en\/wp-json\/wp\/v2\/posts"}],"about":[{"href":"https:\/\/freiheitsdenkmal-leipzig.de\/en\/wp-json\/wp\/v2\/types\/post"}],"author":[{"embeddable":true,"href":"https:\/\/freiheitsdenkmal-leipzig.de\/en\/wp-json\/wp\/v2\/users\/1"}],"replies":[{"embeddable":true,"href":"https:\/\/freiheitsdenkmal-leipzig.de\/en\/wp-json\/wp\/v2\/comments?post=8029"}],"version-history":[{"count":10,"href":"https:\/\/freiheitsdenkmal-leipzig.de\/en\/wp-json\/wp\/v2\/posts\/8029\/revisions"}],"predecessor-version":[{"id":8042,"href":"https:\/\/freiheitsdenkmal-leipzig.de\/en\/wp-json\/wp\/v2\/posts\/8029\/revisions\/8042"}],"wp:featuredmedia":[{"embeddable":true,"href":"https:\/\/freiheitsdenkmal-leipzig.de\/en\/wp-json\/wp\/v2\/media\/8018"}],"wp:attachment":[{"href":"https:\/\/freiheitsdenkmal-leipzig.de\/en\/wp-json\/wp\/v2\/media?parent=8029"}],"wp:term":[{"taxonomy":"category","embeddable":true,"href":"https:\/\/freiheitsdenkmal-leipzig.de\/en\/wp-json\/wp\/v2\/categories?post=8029"},{"taxonomy":"post_tag","embeddable":true,"href":"https:\/\/freiheitsdenkmal-leipzig.de\/en\/wp-json\/wp\/v2\/tags?post=8029"}],"curies":[{"name":"wp","href":"https:\/\/api.w.org\/{rel}","templated":true}]}}