{"id":8253,"date":"2024-10-07T08:39:56","date_gmt":"2024-10-07T08:39:56","guid":{"rendered":"https:\/\/freiheitsdenkmal-leipzig.de\/?p=8253"},"modified":"2024-10-07T08:43:20","modified_gmt":"2024-10-07T08:43:20","slug":"wettbewerb-paulinum","status":"publish","type":"post","link":"https:\/\/freiheitsdenkmal-leipzig.de\/en\/wettbewerb-paulinum","title":{"rendered":"Ausstellung aller Entw\u00fcrfe am 9.10. von 13 bis 20 Uhr im Paulinum"},"content":{"rendered":"<section  class='av_textblock_section av-4kuuiv-33b1503c011f55bb66d7ea39054d5082'   itemscope=\"itemscope\" itemtype=\"https:\/\/schema.org\/BlogPosting\" itemprop=\"blogPost\" ><div class='avia_textblock'  itemprop=\"text\" ><h3><span class=\"OYPEnA font-feature-liga-off font-feature-clig-off font-feature-calt-off text-decoration-none text-strikethrough-none\">\u00d6ffentliche Ausstellung aller am Wettbewerb beteiligten Entw\u00fcrfe am 9.10. von 13 bis 20 Uhr im Paulinum<\/span><\/h3>\n<\/div><\/section>\n<div  class='flex_column av-35g3jm-e0bfae88a9842e1bdc69f1023f27933d av_one_full  avia-builder-el-1  el_after_av_textblock  el_before_av_textblock  first flex_column_div  column-top-margin'     ><style type=\"text\/css\" data-created_by=\"avia_inline_auto\" id=\"style-css-av-m1yrldvs-84ce2654911af8f810f2d0d87bda6751\">\n.avia-image-container.av-m1yrldvs-84ce2654911af8f810f2d0d87bda6751 img.avia_image{\nbox-shadow:none;\n}\n.avia-image-container.av-m1yrldvs-84ce2654911af8f810f2d0d87bda6751 .av-image-caption-overlay-center{\ncolor:#ffffff;\n}\n<\/style>\n<div  class='avia-image-container av-m1yrldvs-84ce2654911af8f810f2d0d87bda6751 av-styling- avia-align-center  avia-builder-el-2  avia-builder-el-no-sibling'   itemprop=\"image\" itemscope=\"itemscope\" itemtype=\"https:\/\/schema.org\/ImageObject\" ><div class=\"avia-image-container-inner\"><div class=\"avia-image-overlay-wrap\"><img decoding=\"async\" fetchpriority=\"high\" class='wp-image-8254 avia-img-lazy-loading-not-8254 avia_image' src=\"https:\/\/freiheitsdenkmal-leipzig.de\/wp-content\/uploads\/2024\/10\/FEL_TN_Daten_8022_064_leipzig_foto_002241002-scaled.jpg\" alt='' title='FEL_TN_Daten_8022_064_leipzig_foto_002241002'  height=\"1706\" width=\"2560\"  itemprop=\"thumbnailUrl\" srcset=\"https:\/\/freiheitsdenkmal-leipzig.de\/wp-content\/uploads\/2024\/10\/FEL_TN_Daten_8022_064_leipzig_foto_002241002-scaled.jpg 2560w, https:\/\/freiheitsdenkmal-leipzig.de\/wp-content\/uploads\/2024\/10\/FEL_TN_Daten_8022_064_leipzig_foto_002241002-300x200.jpg 300w, https:\/\/freiheitsdenkmal-leipzig.de\/wp-content\/uploads\/2024\/10\/FEL_TN_Daten_8022_064_leipzig_foto_002241002-1030x686.jpg 1030w, https:\/\/freiheitsdenkmal-leipzig.de\/wp-content\/uploads\/2024\/10\/FEL_TN_Daten_8022_064_leipzig_foto_002241002-768x512.jpg 768w, https:\/\/freiheitsdenkmal-leipzig.de\/wp-content\/uploads\/2024\/10\/FEL_TN_Daten_8022_064_leipzig_foto_002241002-1536x1023.jpg 1536w, https:\/\/freiheitsdenkmal-leipzig.de\/wp-content\/uploads\/2024\/10\/FEL_TN_Daten_8022_064_leipzig_foto_002241002-2048x1365.jpg 2048w, https:\/\/freiheitsdenkmal-leipzig.de\/wp-content\/uploads\/2024\/10\/FEL_TN_Daten_8022_064_leipzig_foto_002241002-18x12.jpg 18w, https:\/\/freiheitsdenkmal-leipzig.de\/wp-content\/uploads\/2024\/10\/FEL_TN_Daten_8022_064_leipzig_foto_002241002-1500x1000.jpg 1500w, https:\/\/freiheitsdenkmal-leipzig.de\/wp-content\/uploads\/2024\/10\/FEL_TN_Daten_8022_064_leipzig_foto_002241002-705x470.jpg 705w\" sizes=\"(max-width: 2560px) 100vw, 2560px\" \/><\/div><\/div><\/div><\/div><section  class='av_textblock_section av-2icg5z-f08a110d74230e184974cc64a6d887dd'   itemscope=\"itemscope\" itemtype=\"https:\/\/schema.org\/BlogPosting\" itemprop=\"blogPost\" ><div class='avia_textblock'  itemprop=\"text\" ><p class=\"_ap3a _aaco _aacu _aacx _aad7 _aade\" dir=\"auto\">Am 9. Oktober werden alle Entw\u00fcrfe, die am K\u00fcnstlerischen Wettbewerb zu einem Freiheits- und Einheitsdenkmal in Leipzig teilgenommen haben, von 13 bis 20 Uhr \u00f6ffentlich im Paulinum \u2013 Aula und Universit\u00e4tskirche St. Pauli der Universit\u00e4t Leipzig am Augustusplatz 10 ausgestellt.<br \/>\nWir laden herzlich dazu ein und freuen uns auf Ihr Interesse!<br \/>\nVom 4.-15. November k\u00f6nnen die Entw\u00fcrfe dann im Hansahaus, Grimmaische Stra\u00dfe 13-15 besichtigt werden.<\/p>\n<p dir=\"auto\"><em>Foto: Gustav Franz<\/em><\/p>\n<\/div><\/section><\/p>","protected":false},"excerpt":{"rendered":"","protected":false},"author":1,"featured_media":8254,"comment_status":"closed","ping_status":"open","sticky":false,"template":"","format":"standard","meta":{"footnotes":""},"categories":[19],"tags":[],"class_list":["post-8253","post","type-post","status-publish","format-standard","has-post-thumbnail","hentry","category-aktuelles"],"_links":{"self":[{"href":"https:\/\/freiheitsdenkmal-leipzig.de\/en\/wp-json\/wp\/v2\/posts\/8253"}],"collection":[{"href":"https:\/\/freiheitsdenkmal-leipzig.de\/en\/wp-json\/wp\/v2\/posts"}],"about":[{"href":"https:\/\/freiheitsdenkmal-leipzig.de\/en\/wp-json\/wp\/v2\/types\/post"}],"author":[{"embeddable":true,"href":"https:\/\/freiheitsdenkmal-leipzig.de\/en\/wp-json\/wp\/v2\/users\/1"}],"replies":[{"embeddable":true,"href":"https:\/\/freiheitsdenkmal-leipzig.de\/en\/wp-json\/wp\/v2\/comments?post=8253"}],"version-history":[{"count":3,"href":"https:\/\/freiheitsdenkmal-leipzig.de\/en\/wp-json\/wp\/v2\/posts\/8253\/revisions"}],"predecessor-version":[{"id":8263,"href":"https:\/\/freiheitsdenkmal-leipzig.de\/en\/wp-json\/wp\/v2\/posts\/8253\/revisions\/8263"}],"wp:featuredmedia":[{"embeddable":true,"href":"https:\/\/freiheitsdenkmal-leipzig.de\/en\/wp-json\/wp\/v2\/media\/8254"}],"wp:attachment":[{"href":"https:\/\/freiheitsdenkmal-leipzig.de\/en\/wp-json\/wp\/v2\/media?parent=8253"}],"wp:term":[{"taxonomy":"category","embeddable":true,"href":"https:\/\/freiheitsdenkmal-leipzig.de\/en\/wp-json\/wp\/v2\/categories?post=8253"},{"taxonomy":"post_tag","embeddable":true,"href":"https:\/\/freiheitsdenkmal-leipzig.de\/en\/wp-json\/wp\/v2\/tags?post=8253"}],"curies":[{"name":"wp","href":"https:\/\/api.w.org\/{rel}","templated":true}]}}