{"id":8278,"date":"2024-10-10T08:50:01","date_gmt":"2024-10-10T08:50:01","guid":{"rendered":"https:\/\/freiheitsdenkmal-leipzig.de\/?p=8278"},"modified":"2024-10-10T09:31:42","modified_gmt":"2024-10-10T09:31:42","slug":"eroeffnung-paulinum","status":"publish","type":"post","link":"https:\/\/freiheitsdenkmal-leipzig.de\/en\/eroeffnung-paulinum","title":{"rendered":"Wettbewerbsergebnisse \u00fcbergeben"},"content":{"rendered":"<section  class='av_textblock_section av-4kuuiv-33b1503c011f55bb66d7ea39054d5082'   itemscope=\"itemscope\" itemtype=\"https:\/\/schema.org\/BlogPosting\" itemprop=\"blogPost\" ><div class='avia_textblock'  itemprop=\"text\" ><h3><span class=\"OYPEnA font-feature-liga-off font-feature-clig-off font-feature-calt-off text-decoration-none text-strikethrough-none\">Gestern wurden die Ergebnisse des K\u00fcnstlerischen Wettbewerbs an die Stadt Leipzig \u00fcbergeben und alle Entw\u00fcrfe vorgestellt<br \/>\n<\/span><\/h3>\n<\/div><\/section>\n<div  class='flex_column av-35g3jm-e0bfae88a9842e1bdc69f1023f27933d av_one_full  avia-builder-el-1  el_after_av_textblock  el_before_av_textblock  first flex_column_div  column-top-margin'     ><style type=\"text\/css\" data-created_by=\"avia_inline_auto\" id=\"style-css-av-m1yrldvs-bd30808750ff6009c24233d6234e32ef\">\n.avia-image-container.av-m1yrldvs-bd30808750ff6009c24233d6234e32ef img.avia_image{\nbox-shadow:none;\n}\n.avia-image-container.av-m1yrldvs-bd30808750ff6009c24233d6234e32ef .av-image-caption-overlay-center{\ncolor:#ffffff;\n}\n<\/style>\n<div  class='avia-image-container av-m1yrldvs-bd30808750ff6009c24233d6234e32ef av-styling- avia-align-center  avia-builder-el-2  avia-builder-el-no-sibling'   itemprop=\"image\" itemscope=\"itemscope\" itemtype=\"https:\/\/schema.org\/ImageObject\" ><div class=\"avia-image-container-inner\"><div class=\"avia-image-overlay-wrap\"><img decoding=\"async\" fetchpriority=\"high\" class='wp-image-8285 avia-img-lazy-loading-not-8285 avia_image' src=\"https:\/\/freiheitsdenkmal-leipzig.de\/wp-content\/uploads\/2024\/10\/20241009_122427-2-scaled.jpg\" alt='' title='20241009_122427-2'  height=\"1123\" width=\"2560\"  itemprop=\"thumbnailUrl\" srcset=\"https:\/\/freiheitsdenkmal-leipzig.de\/wp-content\/uploads\/2024\/10\/20241009_122427-2-scaled.jpg 2560w, https:\/\/freiheitsdenkmal-leipzig.de\/wp-content\/uploads\/2024\/10\/20241009_122427-2-300x132.jpg 300w, https:\/\/freiheitsdenkmal-leipzig.de\/wp-content\/uploads\/2024\/10\/20241009_122427-2-1030x452.jpg 1030w, https:\/\/freiheitsdenkmal-leipzig.de\/wp-content\/uploads\/2024\/10\/20241009_122427-2-768x337.jpg 768w, https:\/\/freiheitsdenkmal-leipzig.de\/wp-content\/uploads\/2024\/10\/20241009_122427-2-1536x674.jpg 1536w, https:\/\/freiheitsdenkmal-leipzig.de\/wp-content\/uploads\/2024\/10\/20241009_122427-2-2048x898.jpg 2048w, https:\/\/freiheitsdenkmal-leipzig.de\/wp-content\/uploads\/2024\/10\/20241009_122427-2-18x8.jpg 18w, https:\/\/freiheitsdenkmal-leipzig.de\/wp-content\/uploads\/2024\/10\/20241009_122427-2-1500x658.jpg 1500w, https:\/\/freiheitsdenkmal-leipzig.de\/wp-content\/uploads\/2024\/10\/20241009_122427-2-705x309.jpg 705w\" sizes=\"(max-width: 2560px) 100vw, 2560px\" \/><\/div><\/div><\/div><\/div>\n<section  class='av_textblock_section av-2icg5z-f08a110d74230e184974cc64a6d887dd'   itemscope=\"itemscope\" itemtype=\"https:\/\/schema.org\/BlogPosting\" itemprop=\"blogPost\" ><div class='avia_textblock'  itemprop=\"text\" ><p>Gestern war nun der Tag, an dem unsere Projektleiterin Gesine Oltmanns f\u00fcr die Stiftung Friedliche Revolution die Ergebnisse des K\u00fcnstlerischen Denkmalwettbewerbs an die Stadt Leipzig \u00fcbergeben hat. Zur festlichen Er\u00f6ffnung waren zahlreiche G\u00e4ste aus Politik und Kultur geladen, denen u. a. die drei erstplatzierten Entw\u00fcrfe vorgestellt wurden. Durch die Veranstaltung f\u00fchrte Dr. Stephanie Jacobs, Direktorin des Deutschen Buch- und Schriftmuseums (DBSM) der Deutschen Nationalbibliothek in Leipzig, die den Prozess als Mitglied des Expert:innenrats Standort begleitet hatte. In den Redebeitr\u00e4gen w\u00fcrdigten der ehemaligen Bundespr\u00e4sident Joachim Gauck, Sachsens Ministerpr\u00e4sident Michael Kretschmer und Leipzigs Oberb\u00fcrgermeister Burkhard Jung den Prozess und den Siegerentwurf. Sie hoben noch einmal den Mut und Freiheitswille der 70.000 Menschen hervor, die am 9. Oktober 1989 in Leipzig gewaltfrei das Ende der DDR eingel\u00e4utet hatte, sowie den einzigartigen Gl\u00fcckmoment, der mit dieser Entwicklung einher ging. Alle drei Komponenten, fanden die Redner, verdienen unbedingt ein Denkmal in Leipzig.<\/p>\n<p>Von 13 bis 20 Uhr wurden dann alle Denkmalsentw\u00fcrfe f\u00fcr einen Tag der \u00d6ffentlichkeit pr\u00e4sentiert. Wer\u2019s verpasst hat: Vom 4. bis 15. November werden noch einmal alle Entw\u00fcrfe im Hansahaus ausgestellt.<\/p>\n<p>Wir hoffen nun, dass nicht nur Mut ansteckend ist, wie Joachim Gauck es in seiner Rede f\u00fcr die 70.000 Demonstrierenden des 9. Oktobers 1989 feststellte, sondern auch Begeisterung \u2013 f\u00fcr den Siegerentwurf und das kommende Denkmal.<\/p>\n<\/div><\/section>","protected":false},"excerpt":{"rendered":"","protected":false},"author":1,"featured_media":8280,"comment_status":"closed","ping_status":"open","sticky":false,"template":"","format":"standard","meta":{"footnotes":""},"categories":[19],"tags":[],"class_list":["post-8278","post","type-post","status-publish","format-standard","has-post-thumbnail","hentry","category-aktuelles"],"_links":{"self":[{"href":"https:\/\/freiheitsdenkmal-leipzig.de\/en\/wp-json\/wp\/v2\/posts\/8278"}],"collection":[{"href":"https:\/\/freiheitsdenkmal-leipzig.de\/en\/wp-json\/wp\/v2\/posts"}],"about":[{"href":"https:\/\/freiheitsdenkmal-leipzig.de\/en\/wp-json\/wp\/v2\/types\/post"}],"author":[{"embeddable":true,"href":"https:\/\/freiheitsdenkmal-leipzig.de\/en\/wp-json\/wp\/v2\/users\/1"}],"replies":[{"embeddable":true,"href":"https:\/\/freiheitsdenkmal-leipzig.de\/en\/wp-json\/wp\/v2\/comments?post=8278"}],"version-history":[{"count":15,"href":"https:\/\/freiheitsdenkmal-leipzig.de\/en\/wp-json\/wp\/v2\/posts\/8278\/revisions"}],"predecessor-version":[{"id":8282,"href":"https:\/\/freiheitsdenkmal-leipzig.de\/en\/wp-json\/wp\/v2\/posts\/8278\/revisions\/8282"}],"wp:featuredmedia":[{"embeddable":true,"href":"https:\/\/freiheitsdenkmal-leipzig.de\/en\/wp-json\/wp\/v2\/media\/8280"}],"wp:attachment":[{"href":"https:\/\/freiheitsdenkmal-leipzig.de\/en\/wp-json\/wp\/v2\/media?parent=8278"}],"wp:term":[{"taxonomy":"category","embeddable":true,"href":"https:\/\/freiheitsdenkmal-leipzig.de\/en\/wp-json\/wp\/v2\/categories?post=8278"},{"taxonomy":"post_tag","embeddable":true,"href":"https:\/\/freiheitsdenkmal-leipzig.de\/en\/wp-json\/wp\/v2\/tags?post=8278"}],"curies":[{"name":"wp","href":"https:\/\/api.w.org\/{rel}","templated":true}]}}