{"id":8462,"date":"2024-10-25T07:48:47","date_gmt":"2024-10-25T07:48:47","guid":{"rendered":"https:\/\/freiheitsdenkmal-leipzig.de\/?p=8462"},"modified":"2024-10-28T07:54:42","modified_gmt":"2024-10-28T07:54:42","slug":"mpk","status":"publish","type":"post","link":"https:\/\/freiheitsdenkmal-leipzig.de\/en\/mpk","title":{"rendered":"MPK besucht die DenkmalWerkstatt"},"content":{"rendered":"<section  class='av_textblock_section av-lw7h77a1-da9034679ce2bcb47c6a9fd160f6fc5a'   itemscope=\"itemscope\" itemtype=\"https:\/\/schema.org\/BlogPosting\" itemprop=\"blogPost\" ><div class='avia_textblock'  itemprop=\"text\" ><h3>Ministerpr\u00e4sident:innenkonferenz besucht die DenkmalWerkstatt<\/h3>\n<\/div><\/section>\n<div  class='avia-slideshow av-lw7h45hq-0e7eb0d155d0af648b746ea5bd6c7616 avia-slideshow-featured av_slideshow avia-slide-slider  avia-builder-el-1  el_after_av_textblock  el_before_av_textblock  av-slideshow-ui av-control-default av-slideshow-manual av-loop-once av-loop-manual-endless av-default-height-applied avia-slideshow-1' data-slideshow-options=\"{&quot;animation&quot;:&quot;slide&quot;,&quot;autoplay&quot;:false,&quot;loop_autoplay&quot;:&quot;once&quot;,&quot;interval&quot;:5,&quot;loop_manual&quot;:&quot;manual-endless&quot;,&quot;autoplay_stopper&quot;:false,&quot;noNavigation&quot;:false,&quot;bg_slider&quot;:false,&quot;keep_padding&quot;:false,&quot;hoverpause&quot;:false,&quot;show_slide_delay&quot;:0}\"  itemprop=\"image\" itemscope=\"itemscope\" itemtype=\"https:\/\/schema.org\/ImageObject\" ><ul class='avia-slideshow-inner' style='padding-bottom: 28.666666666667%;'><li  class='avia-slideshow-slide av-lw7h45hq-0e7eb0d155d0af648b746ea5bd6c7616__0  slide-1 slide-odd'><div data-rel='slideshow-1' class='avia-slide-wrap'   ><img decoding=\"async\" fetchpriority=\"high\" class=\"wp-image-8463 avia-img-lazy-loading-not-8463\"  src=\"https:\/\/freiheitsdenkmal-leipzig.de\/wp-content\/uploads\/2024\/10\/IMG_3939-2-1500x430.jpg\" width=\"1500\" height=\"430\" title='IMG_3939-2' alt=''  itemprop=\"thumbnailUrl\"   \/><\/div><\/li><li  class='avia-slideshow-slide av-lw7h45hq-0e7eb0d155d0af648b746ea5bd6c7616__1  slide-2 slide-even'><div data-rel='slideshow-1' class='avia-slide-wrap'   ><img decoding=\"async\" fetchpriority=\"high\" class=\"wp-image-8464 avia-img-lazy-loading-not-8464\"  src=\"https:\/\/freiheitsdenkmal-leipzig.de\/wp-content\/uploads\/2024\/10\/IMG_3976-2-1500x430.jpg\" width=\"1500\" height=\"430\" title='IMG_3976-2' alt=''  itemprop=\"thumbnailUrl\"   \/><\/div><\/li><li  class='avia-slideshow-slide av-lw7h45hq-0e7eb0d155d0af648b746ea5bd6c7616__2  slide-3 slide-odd'><div data-rel='slideshow-1' class='avia-slide-wrap'   ><img decoding=\"async\" fetchpriority=\"high\" class=\"wp-image-8469 avia-img-lazy-loading-not-8469\"  src=\"https:\/\/freiheitsdenkmal-leipzig.de\/wp-content\/uploads\/2024\/10\/IMG_4018-3-1500x430.jpg\" width=\"1500\" height=\"430\" title='IMG_4018-3' alt=''  itemprop=\"thumbnailUrl\"   \/><\/div><\/li><\/ul><div class='avia-slideshow-arrows avia-slideshow-controls' ><a href='#prev' class='prev-slide' aria-hidden='true' data-av_icon='\ue87c' data-av_iconfont='entypo-fontello'  tabindex='-1'>Previous<\/a><a href='#next' class='next-slide' aria-hidden='true' data-av_icon='\ue87d' data-av_iconfont='entypo-fontello'  tabindex='-1'>Next<\/a><\/div><div class='avia-slideshow-dots avia-slideshow-controls'><a href='#1' class='goto-slide active' >1<\/a><a href='#2' class='goto-slide' >2<\/a><a href='#3' class='goto-slide' >3<\/a><\/div><\/div>\n<section  class='av_textblock_section av-4r0omd-1ae451fe050191f0201d293ffee77e95'   itemscope=\"itemscope\" itemtype=\"https:\/\/schema.org\/BlogPosting\" itemprop=\"blogPost\" ><div class='avia_textblock'  itemprop=\"text\" ><h3>Denkmalprojekt stellt sich der MPK vor<\/h3>\n<p>Zum Rahmenprogramm der zweit\u00e4gigen Jahreskonferenz der Ministerpr\u00e4sident:innen der L\u00e4nder in Leipzig geh\u00f6rte auch ein Besuch in der DenkmalWerkstatt.<br \/>\nBei ihrem Stadtrundgang durch Leipzig informierten sich die Ministerpr\u00e4sident:innen im Hansahaus \u00fcber das Denkmalprojekt und lie\u00dfen sich von Oberb\u00fcrgermeister Burkhard Jung und Projektleiterin Gesine Oltmanns die Siegerentw\u00fcrfe zeigen.<\/p>\n<\/div><\/section>","protected":false},"excerpt":{"rendered":"","protected":false},"author":1,"featured_media":8472,"comment_status":"closed","ping_status":"open","sticky":false,"template":"","format":"standard","meta":{"footnotes":""},"categories":[19],"tags":[],"class_list":["post-8462","post","type-post","status-publish","format-standard","has-post-thumbnail","hentry","category-aktuelles"],"_links":{"self":[{"href":"https:\/\/freiheitsdenkmal-leipzig.de\/en\/wp-json\/wp\/v2\/posts\/8462"}],"collection":[{"href":"https:\/\/freiheitsdenkmal-leipzig.de\/en\/wp-json\/wp\/v2\/posts"}],"about":[{"href":"https:\/\/freiheitsdenkmal-leipzig.de\/en\/wp-json\/wp\/v2\/types\/post"}],"author":[{"embeddable":true,"href":"https:\/\/freiheitsdenkmal-leipzig.de\/en\/wp-json\/wp\/v2\/users\/1"}],"replies":[{"embeddable":true,"href":"https:\/\/freiheitsdenkmal-leipzig.de\/en\/wp-json\/wp\/v2\/comments?post=8462"}],"version-history":[{"count":4,"href":"https:\/\/freiheitsdenkmal-leipzig.de\/en\/wp-json\/wp\/v2\/posts\/8462\/revisions"}],"predecessor-version":[{"id":8468,"href":"https:\/\/freiheitsdenkmal-leipzig.de\/en\/wp-json\/wp\/v2\/posts\/8462\/revisions\/8468"}],"wp:featuredmedia":[{"embeddable":true,"href":"https:\/\/freiheitsdenkmal-leipzig.de\/en\/wp-json\/wp\/v2\/media\/8472"}],"wp:attachment":[{"href":"https:\/\/freiheitsdenkmal-leipzig.de\/en\/wp-json\/wp\/v2\/media?parent=8462"}],"wp:term":[{"taxonomy":"category","embeddable":true,"href":"https:\/\/freiheitsdenkmal-leipzig.de\/en\/wp-json\/wp\/v2\/categories?post=8462"},{"taxonomy":"post_tag","embeddable":true,"href":"https:\/\/freiheitsdenkmal-leipzig.de\/en\/wp-json\/wp\/v2\/tags?post=8462"}],"curies":[{"name":"wp","href":"https:\/\/api.w.org\/{rel}","templated":true}]}}