{"id":8873,"date":"2025-02-13T09:52:29","date_gmt":"2025-02-13T09:52:29","guid":{"rendered":"https:\/\/freiheitsdenkmal-leipzig.de\/?p=8873"},"modified":"2025-02-13T10:12:04","modified_gmt":"2025-02-13T10:12:04","slug":"podcast-25-02-13","status":"publish","type":"post","link":"https:\/\/freiheitsdenkmal-leipzig.de\/en\/podcast-25-02-13","title":{"rendered":"2. Podcast-Staffel online!"},"content":{"rendered":"<section  class='av_textblock_section av-lw7h77a1-da9034679ce2bcb47c6a9fd160f6fc5a'   itemscope=\"itemscope\" itemtype=\"https:\/\/schema.org\/BlogPosting\" itemprop=\"blogPost\" ><div class='avia_textblock'  itemprop=\"text\" ><h3>Zweite Staffel von Podcast \u201eWir sind das Volk\u201c online!<\/h3>\n<\/div><\/section>\n<div  class='avia-slideshow av-lw7h45hq-7f5cf5b233993b7e0a9855a794f5263c avia-slideshow-featured_large av_slideshow avia-slide-slider  avia-builder-el-1  el_after_av_textblock  el_before_av_textblock  av-slideshow-ui av-control-default av-slideshow-manual av-loop-once av-loop-manual-endless av-default-height-applied avia-slideshow-1' data-slideshow-options=\"{&quot;animation&quot;:&quot;slide&quot;,&quot;autoplay&quot;:false,&quot;loop_autoplay&quot;:&quot;once&quot;,&quot;interval&quot;:5,&quot;loop_manual&quot;:&quot;manual-endless&quot;,&quot;autoplay_stopper&quot;:false,&quot;noNavigation&quot;:false,&quot;bg_slider&quot;:false,&quot;keep_padding&quot;:false,&quot;hoverpause&quot;:false,&quot;show_slide_delay&quot;:0}\"  itemprop=\"image\" itemscope=\"itemscope\" itemtype=\"https:\/\/schema.org\/ImageObject\" ><ul class='avia-slideshow-inner' style='padding-bottom: 42%;'><li  class='avia-slideshow-slide av-lw7h45hq-7f5cf5b233993b7e0a9855a794f5263c__0  av-single-slide slide-1 slide-odd'><div data-rel='slideshow-1' class='avia-slide-wrap'   ><img decoding=\"async\" fetchpriority=\"high\" class=\"wp-image-8878 avia-img-lazy-loading-not-8878\"  src=\"https:\/\/freiheitsdenkmal-leipzig.de\/wp-content\/uploads\/2025\/02\/podcast-cover2-1500x630.jpg\" width=\"1500\" height=\"630\" title='podcast-cover2' alt=''  itemprop=\"thumbnailUrl\" srcset=\"https:\/\/freiheitsdenkmal-leipzig.de\/wp-content\/uploads\/2025\/02\/podcast-cover2-1500x629.jpg 1500w, https:\/\/freiheitsdenkmal-leipzig.de\/wp-content\/uploads\/2025\/02\/podcast-cover2-300x126.jpg 300w, https:\/\/freiheitsdenkmal-leipzig.de\/wp-content\/uploads\/2025\/02\/podcast-cover2-1030x432.jpg 1030w, https:\/\/freiheitsdenkmal-leipzig.de\/wp-content\/uploads\/2025\/02\/podcast-cover2-768x322.jpg 768w, https:\/\/freiheitsdenkmal-leipzig.de\/wp-content\/uploads\/2025\/02\/podcast-cover2-1536x644.jpg 1536w, https:\/\/freiheitsdenkmal-leipzig.de\/wp-content\/uploads\/2025\/02\/podcast-cover2-18x8.jpg 18w, https:\/\/freiheitsdenkmal-leipzig.de\/wp-content\/uploads\/2025\/02\/podcast-cover2-705x296.jpg 705w, https:\/\/freiheitsdenkmal-leipzig.de\/wp-content\/uploads\/2025\/02\/podcast-cover2.jpg 1920w\" sizes=\"(max-width: 1500px) 100vw, 1500px\" \/><\/div><\/li><\/ul><\/div>\n<section  class='av_textblock_section av-4r0omd-1ae451fe050191f0201d293ffee77e95'   itemscope=\"itemscope\" itemtype=\"https:\/\/schema.org\/BlogPosting\" itemprop=\"blogPost\" ><div class='avia_textblock'  itemprop=\"text\" ><p>Herzlich willkommen zur <strong><a href=\"https:\/\/freiheitsdenkmal-leipzig.de\/en\/podcast\/\" target=\"_blank\" rel=\"noopener\">zweiten Staffel von \u201eWir sind das Volk\u201c<\/a><\/strong> der Stiftung Friedliche Revolution. In der zweiten Staffel machen die Journalisten Pierre Gehmlich und Bj\u00f6rn Menzel etwas Neues: In den bisherigen 15 Folgen haben wir mit ihnen und ihren G\u00e4sten auf die letzten Jahre der DDR zur\u00fcckgeblickt. Wir haben die Menschen getroffen, die damals mit ihrem Mut etwas ver\u00e4ndert haben. Wir haben auf die Zeit der Friedlichen Revolution geschaut.<br \/>\nIn dieser Staffel blicken wir auf die Jahre danach. Denn das Ende der DDR und die Wiedervereinigung waren f\u00fcr viele Menschen ein Einschnitt. Ihr Leben \u00e4nderte sich radikal. In Deutschland wurde aus \u201eWir sind das Volk\u201c &#8211; \u201eWir sind ein Volk\u201c.<\/p>\n<p>Doch war das wirklich so? Wie haben die Ostdeutschen die Wiedervereinigung erlebt? Welche Auswirkungen hatte diese Zeit f\u00fcr sie, f\u00fcr ihre Kinder? Wie pr\u00e4gen diese Erfahrungen bis heute? Und warum m\u00fcssen wir jetzt (noch) dar\u00fcber reden?<\/p>\n<p>Dar\u00fcber sprechen Gehmlich und Menzel in der ersten Folge der neuen Staffel mit dem K\u00fcnstler und Journalisten Oliver Barth, der sich k\u00fcnstlerisch mit seiner ostdeutschen Herkunft auseinandersetzt. Wir besuchen ihn in Aschersleben in seiner ersten Ausstellung. Sie tr\u00e4gt den Titel \u201eWo liegt dieses Ostdeutschland?\u201c<br \/>\nViel Spa\u00df beim H\u00f6ren!<\/p>\n<p>Mehr \u00fcber die Ausstellung von Oliver Barth: https:\/\/www.wo-liegt-ostdeutschland.de\/<\/p>\n<p><em>Das Cover zeigt ein Werk von Oliver Barth. Credit: Bj\u00f6rn Menzel<\/em><\/p>\n<\/div><\/section>","protected":false},"excerpt":{"rendered":"","protected":false},"author":1,"featured_media":8878,"comment_status":"closed","ping_status":"open","sticky":false,"template":"","format":"standard","meta":{"footnotes":""},"categories":[19],"tags":[],"class_list":["post-8873","post","type-post","status-publish","format-standard","has-post-thumbnail","hentry","category-aktuelles"],"_links":{"self":[{"href":"https:\/\/freiheitsdenkmal-leipzig.de\/en\/wp-json\/wp\/v2\/posts\/8873"}],"collection":[{"href":"https:\/\/freiheitsdenkmal-leipzig.de\/en\/wp-json\/wp\/v2\/posts"}],"about":[{"href":"https:\/\/freiheitsdenkmal-leipzig.de\/en\/wp-json\/wp\/v2\/types\/post"}],"author":[{"embeddable":true,"href":"https:\/\/freiheitsdenkmal-leipzig.de\/en\/wp-json\/wp\/v2\/users\/1"}],"replies":[{"embeddable":true,"href":"https:\/\/freiheitsdenkmal-leipzig.de\/en\/wp-json\/wp\/v2\/comments?post=8873"}],"version-history":[{"count":7,"href":"https:\/\/freiheitsdenkmal-leipzig.de\/en\/wp-json\/wp\/v2\/posts\/8873\/revisions"}],"predecessor-version":[{"id":8877,"href":"https:\/\/freiheitsdenkmal-leipzig.de\/en\/wp-json\/wp\/v2\/posts\/8873\/revisions\/8877"}],"wp:featuredmedia":[{"embeddable":true,"href":"https:\/\/freiheitsdenkmal-leipzig.de\/en\/wp-json\/wp\/v2\/media\/8878"}],"wp:attachment":[{"href":"https:\/\/freiheitsdenkmal-leipzig.de\/en\/wp-json\/wp\/v2\/media?parent=8873"}],"wp:term":[{"taxonomy":"category","embeddable":true,"href":"https:\/\/freiheitsdenkmal-leipzig.de\/en\/wp-json\/wp\/v2\/categories?post=8873"},{"taxonomy":"post_tag","embeddable":true,"href":"https:\/\/freiheitsdenkmal-leipzig.de\/en\/wp-json\/wp\/v2\/tags?post=8873"}],"curies":[{"name":"wp","href":"https:\/\/api.w.org\/{rel}","templated":true}]}}