{"id":9096,"date":"2025-04-17T11:42:11","date_gmt":"2025-04-17T11:42:11","guid":{"rendered":"https:\/\/freiheitsdenkmal-leipzig.de\/?p=9096"},"modified":"2025-04-17T11:53:41","modified_gmt":"2025-04-17T11:53:41","slug":"gruenes-licht-fuer-denkmal","status":"publish","type":"post","link":"https:\/\/freiheitsdenkmal-leipzig.de\/en\/gruenes-licht-fuer-denkmal","title":{"rendered":"Leipziger Stadtrat gibt gr\u00fcnes Licht f\u00fcr &#8222;Banner, Fahnen, Transparente&#8220;"},"content":{"rendered":"<section  class='av_textblock_section av-lw7h77a1-da9034679ce2bcb47c6a9fd160f6fc5a'   itemscope=\"itemscope\" itemtype=\"https:\/\/schema.org\/BlogPosting\" itemprop=\"blogPost\" ><div class='avia_textblock'  itemprop=\"text\" ><h3><strong>Weichen gestellt: Leipziger Stadtrat gibt gr\u00fcnes Licht f\u00fcr den Bau des Freiheits- und Einheitsdenkmals in Leipzig<\/strong><\/h3>\n<\/div><\/section>\n<div  class='avia-slideshow av-lw7h45hq-0e7eb0d155d0af648b746ea5bd6c7616 avia-slideshow-featured av_slideshow avia-slide-slider  avia-builder-el-1  el_after_av_textblock  el_before_av_textblock  av-slideshow-ui av-control-default av-slideshow-manual av-loop-once av-loop-manual-endless av-default-height-applied avia-slideshow-1' data-slideshow-options=\"{&quot;animation&quot;:&quot;slide&quot;,&quot;autoplay&quot;:false,&quot;loop_autoplay&quot;:&quot;once&quot;,&quot;interval&quot;:5,&quot;loop_manual&quot;:&quot;manual-endless&quot;,&quot;autoplay_stopper&quot;:false,&quot;noNavigation&quot;:false,&quot;bg_slider&quot;:false,&quot;keep_padding&quot;:false,&quot;hoverpause&quot;:false,&quot;show_slide_delay&quot;:0}\"  itemprop=\"image\" itemscope=\"itemscope\" itemtype=\"https:\/\/schema.org\/ImageObject\" ><ul class='avia-slideshow-inner' style='padding-bottom: 28.666666666667%;'><li  class='avia-slideshow-slide av-lw7h45hq-0e7eb0d155d0af648b746ea5bd6c7616__0  av-single-slide slide-1 slide-odd'><div data-rel='slideshow-1' class='avia-slide-wrap'   ><img decoding=\"async\" fetchpriority=\"high\" class=\"wp-image-8715 avia-img-lazy-loading-not-8715\"  src=\"https:\/\/freiheitsdenkmal-leipzig.de\/wp-content\/uploads\/2025\/01\/Banner-Fahnen-Transparente-komp-1500x430.jpg\" width=\"1500\" height=\"430\" title='Banner-Fahnen-Transparente-komp' alt=''  itemprop=\"thumbnailUrl\" srcset=\"https:\/\/freiheitsdenkmal-leipzig.de\/wp-content\/uploads\/2025\/01\/Banner-Fahnen-Transparente-komp-1500x430.jpg 1500w, https:\/\/freiheitsdenkmal-leipzig.de\/wp-content\/uploads\/2025\/01\/Banner-Fahnen-Transparente-komp-18x6.jpg 18w\" sizes=\"(max-width: 1500px) 100vw, 1500px\" \/><\/div><\/li><\/ul><\/div>\n<section  class='av_textblock_section av-4r0omd-1ae451fe050191f0201d293ffee77e95'   itemscope=\"itemscope\" itemtype=\"https:\/\/schema.org\/BlogPosting\" itemprop=\"blogPost\" ><div class='avia_textblock'  itemprop=\"text\" ><h3>Grundsteinlegung f\u00fcr den 9. Oktober 2025 geplant<\/h3>\n<p>Leipzig. Der Leipziger Stadtrat hat am 16. April 2025 mit deutlicher Mehrheit gr\u00fcnes Licht f\u00fcr den Bau des Freiheits- und Einheitsdenkmals in Leipzig gegeben. Mit dem nun vorliegenden Planungsbeschluss kann die Stadt Leipzig die Umsetzung des im Oktober 2024 gek\u00fcrten Siegerentwurf des K\u00fcnstlerischen Wettbewerbs an dem vorgesehenen Standort auf dem Leipziger Wilhelm-Leuschner-Platz in Angriff nehmen.<\/p>\n<p>Der Planungsbeschluss sieht auch vor, die an sich wei\u00dfen Bannerfl\u00e4chen des Siegerentwurfs \u201eBanner, Fahnen, Transparente\u201c anlassbezogen zu bespielen, ohne allerdings die urspr\u00fcnglichen Intentionen des Leipziger K\u00fcnstler*innen- und Architekt*innen-Kollektivs ZILA zu \u00fcberlagern, wie Leipzigs Oberb\u00fcrgermeister Burkhard Jung betont.<br \/>\nJung erkl\u00e4rt au\u00dferdem: \u201eDieses Denkmal ist ein Geschenk an die Stadt Leipzig. Der Bund, der f\u00fcr das Denkmal 2,5 Millionen Euro bereitstellt, erm\u00f6glicht es uns, die europ\u00e4ische Dimension des Herbstes von 1989 in Erinnerung zu halten. Wir haben in Leipzig zu oft den Fokus auf uns gerichtet und vergessen in Erinnerung an den Herbst 89, dass die Friedliche Revolution nicht nur der erste Schritt zu deutschen Wiedervereinigung war. Dieser Herbst war viel mehr: er beendete das geteilte Europa und ebnete den Weg f\u00fcr ein geeintes Europa. Daran wollen wir in Leipzig k\u00fcnftig mit einem Denkmal erinnern!\u201c<\/p>\n<p>F\u00fcr die Umsetzung ist ein Gesamtbudget von bis zu f\u00fcnf Millionen Euro vorgesehen. Die Grundsteinlegung des Freiheits- und Einheitsdenkmals in Leipzig ist f\u00fcr den 9. Oktober 2025 geplant.<\/p>\n<p>\u201eDamit ist ein weiterer Meilenstein f\u00fcr das national wie international bedeutsame Demokratieprojekt erreicht\u201c, kommentiert Rainer Vor, Vorsitzender des Vorstands der Stiftung Friedliche Revolution. \u201eEs ist wichtig, dass der Prozess f\u00fcr das Freiheits- und Einheitsdenkmal kontinuierlich fortgesetzt werden kann. Die Entscheidung des Stadtrates ist ein starkes Signal f\u00fcr unseren gemeinsamen Kampf um Demokratie in schwierigen Zeiten.\u201c<\/p>\n<p>Mit dem Stadtratsbeschluss wurde auch der Auftrag f\u00fcr die Stiftung Friedliche Revolution verl\u00e4ngert, den Denkmalsprozess mit Kommunikationsma\u00dfnahmen und Gespr\u00e4chsangeboten f\u00fcr die Leipziger Bev\u00f6lkerung zu begleiten.<\/p>\n<p>\u201eJetzt k\u00f6nnen wir wieder durchstarten\u201c, sagt die Projektleiterin des Denkmalprozesses bei der Stiftung Friedliche Revolution, Gesine Oltmanns. \u201eBis zum Herbst haben wir ein ganze Reihe von Veranstaltungen zu den Themen Denkmal, Erinnerung und Demokratie geplant, darunter Kinovorf\u00fchrungen, Live-Podcasts und Gespr\u00e4chsrunden\u201c.<\/p>\n<p><strong><a href=\"https:\/\/freiheitsdenkmal-leipzig.de\/wp-content\/uploads\/2025\/04\/PM_Stadtrat_17_April_2025_Layout_f.docx\" target=\"_blank\" rel=\"noopener\">Pressemeldung docx\u00a0 <\/a><\/strong><\/p>\n<p><em>Bilder: Atelier Loidl \/ Meyer, Grzesiak, ZILA \/ rendercircle<\/em><\/p>\n<\/div><\/section>","protected":false},"excerpt":{"rendered":"","protected":false},"author":1,"featured_media":8715,"comment_status":"closed","ping_status":"open","sticky":false,"template":"","format":"standard","meta":{"footnotes":""},"categories":[19],"tags":[],"class_list":["post-9096","post","type-post","status-publish","format-standard","has-post-thumbnail","hentry","category-aktuelles"],"_links":{"self":[{"href":"https:\/\/freiheitsdenkmal-leipzig.de\/en\/wp-json\/wp\/v2\/posts\/9096"}],"collection":[{"href":"https:\/\/freiheitsdenkmal-leipzig.de\/en\/wp-json\/wp\/v2\/posts"}],"about":[{"href":"https:\/\/freiheitsdenkmal-leipzig.de\/en\/wp-json\/wp\/v2\/types\/post"}],"author":[{"embeddable":true,"href":"https:\/\/freiheitsdenkmal-leipzig.de\/en\/wp-json\/wp\/v2\/users\/1"}],"replies":[{"embeddable":true,"href":"https:\/\/freiheitsdenkmal-leipzig.de\/en\/wp-json\/wp\/v2\/comments?post=9096"}],"version-history":[{"count":6,"href":"https:\/\/freiheitsdenkmal-leipzig.de\/en\/wp-json\/wp\/v2\/posts\/9096\/revisions"}],"predecessor-version":[{"id":9104,"href":"https:\/\/freiheitsdenkmal-leipzig.de\/en\/wp-json\/wp\/v2\/posts\/9096\/revisions\/9104"}],"wp:featuredmedia":[{"embeddable":true,"href":"https:\/\/freiheitsdenkmal-leipzig.de\/en\/wp-json\/wp\/v2\/media\/8715"}],"wp:attachment":[{"href":"https:\/\/freiheitsdenkmal-leipzig.de\/en\/wp-json\/wp\/v2\/media?parent=9096"}],"wp:term":[{"taxonomy":"category","embeddable":true,"href":"https:\/\/freiheitsdenkmal-leipzig.de\/en\/wp-json\/wp\/v2\/categories?post=9096"},{"taxonomy":"post_tag","embeddable":true,"href":"https:\/\/freiheitsdenkmal-leipzig.de\/en\/wp-json\/wp\/v2\/tags?post=9096"}],"curies":[{"name":"wp","href":"https:\/\/api.w.org\/{rel}","templated":true}]}}