{"id":9188,"date":"2025-05-02T11:17:40","date_gmt":"2025-05-02T11:17:40","guid":{"rendered":"https:\/\/freiheitsdenkmal-leipzig.de\/?p=9188"},"modified":"2025-05-02T11:28:01","modified_gmt":"2025-05-02T11:28:01","slug":"wir-sind-das-volk-live","status":"publish","type":"post","link":"https:\/\/freiheitsdenkmal-leipzig.de\/en\/wir-sind-das-volk-live","title":{"rendered":"\u201eWir sind das Volk\u201c-Podcast live!"},"content":{"rendered":"<section  class='av_textblock_section av-lw7h77a1-da9034679ce2bcb47c6a9fd160f6fc5a'   itemscope=\"itemscope\" itemtype=\"https:\/\/schema.org\/BlogPosting\" itemprop=\"blogPost\" ><div class='avia_textblock'  itemprop=\"text\" ><h3>Die zweite Staffel von \u201eWir sind das Volk\u201c geht ab 15. Mai 2025 live!<\/h3>\n<\/div><\/section>\n<div  class='avia-slideshow av-lw7h45hq-7f5cf5b233993b7e0a9855a794f5263c avia-slideshow-featured_large av_slideshow avia-slide-slider  avia-builder-el-1  el_after_av_textblock  el_before_av_textblock  av-slideshow-ui av-control-default av-slideshow-manual av-loop-once av-loop-manual-endless av-default-height-applied avia-slideshow-1' data-slideshow-options=\"{&quot;animation&quot;:&quot;slide&quot;,&quot;autoplay&quot;:false,&quot;loop_autoplay&quot;:&quot;once&quot;,&quot;interval&quot;:5,&quot;loop_manual&quot;:&quot;manual-endless&quot;,&quot;autoplay_stopper&quot;:false,&quot;noNavigation&quot;:false,&quot;bg_slider&quot;:false,&quot;keep_padding&quot;:false,&quot;hoverpause&quot;:false,&quot;show_slide_delay&quot;:0}\"  itemprop=\"image\" itemscope=\"itemscope\" itemtype=\"https:\/\/schema.org\/ImageObject\" ><ul class='avia-slideshow-inner' style='padding-bottom: 42%;'><li  class='avia-slideshow-slide av-lw7h45hq-7f5cf5b233993b7e0a9855a794f5263c__0  av-single-slide slide-1 slide-odd'><div data-rel='slideshow-1' class='avia-slide-wrap'   ><img decoding=\"async\" fetchpriority=\"high\" class=\"wp-image-9197 avia-img-lazy-loading-not-9197\"  src=\"https:\/\/freiheitsdenkmal-leipzig.de\/wp-content\/uploads\/2025\/05\/pdcast3-1500x630.jpg\" width=\"1500\" height=\"630\" title='pdcast3' alt=''  itemprop=\"thumbnailUrl\" srcset=\"https:\/\/freiheitsdenkmal-leipzig.de\/wp-content\/uploads\/2025\/05\/pdcast3-1500x630.jpg 1500w, https:\/\/freiheitsdenkmal-leipzig.de\/wp-content\/uploads\/2025\/05\/pdcast3-18x7.jpg 18w\" sizes=\"(max-width: 1500px) 100vw, 1500px\" \/><\/div><\/li><\/ul><\/div>\n<section  class='av_textblock_section av-4r0omd-1ae451fe050191f0201d293ffee77e95'   itemscope=\"itemscope\" itemtype=\"https:\/\/schema.org\/BlogPosting\" itemprop=\"blogPost\" ><div class='avia_textblock'  itemprop=\"text\" ><div class=\"flex_column av-36h44o-ff989042c504ff218fba0be0c0269805 av_one_full avia-builder-el-2 el_after_av_one_full el_before_av_one_full first flex_column_div column-top-margin\">\n<section class=\"av_textblock_section av-3a6fig-5801e94bb4af79640e5a0a1c83a73195\">\n<div class=\"avia_textblock\">\n<h3>Wir sind das Volk \u2013 Der <strong><em>LIVE<\/em>\u2013<\/strong>Podcast \u00fcber die Friedliche Revolution \u201989<\/h3>\n<p>Der Podcast der Stiftung Friedliche Revolution Leipzig geht live auf eine spannende Reise durch Ostdeutschland mit interessanten Gespr\u00e4chspartner:innen aus den jeweiligen Regionen.<br \/>\nWir laden herzlich zu unseren Live-Podcasts ein:<\/p>\n<ul>\n<li>15. Mai: Stendal, Kleine Markthalle<\/li>\n<li>2. Juni: Rostock, Volkshochschule<\/li>\n<li>4. Juni: Greifswald, St. Spiritus<\/li>\n<li>27. August: Nordhausen, Stadtbibliothek<\/li>\n<li>29. August: Freiberg, Stadtbibliothek<\/li>\n<li>23. September: Cottbus, Menschenrechtszentrum<\/li>\n<\/ul>\n<p>Die Aufzeichnungen der Live-Podcasts finden Sie wie immer <strong>here <\/strong>oder auf <strong><a href=\"https:\/\/wir-sind-das-volk.podigee.io\/episodes\" target=\"_blank\" rel=\"noopener\">podigee.io<\/a><\/strong>.<\/p>\n<p>Und: In den 15 Folgen der ersten Staffel haben die Podcast-Macher Bj\u00f6rn Menzel und Pierre Gehmlich mit uns auf die Zeit der Friedlichen Revolution geschaut. In der neuen Staffel blicken wir nun auf die Jahre danach. Denn das Ende der DDR und die Wiedervereinigung waren f\u00fcr viele Menschen ein Einschnitt. Ihr Leben \u00e4nderte sich radikal. In Deutschland wurde aus \u201eWir sind das Volk\u201c \u2013 \u201eWir sind ein Volk\u201c.<br \/>\nDoch war das wirklich so? Wie haben die Ostdeutschen die Wiedervereinigung erlebt? Welche Auswirkungen hatte diese Zeit f\u00fcr sie, f\u00fcr ihre Kinder? Wie pr\u00e4gen diese Erfahrungen bis heute? Und warum m\u00fcssen wir jetzt (noch) dar\u00fcber reden?<\/p>\n<p>Viel Spa\u00df beim H\u00f6ren!<\/p>\n<\/div>\n<\/section>\n<\/div>\n<\/div><\/section>","protected":false},"excerpt":{"rendered":"","protected":false},"author":1,"featured_media":9191,"comment_status":"closed","ping_status":"open","sticky":false,"template":"","format":"standard","meta":{"footnotes":""},"categories":[19],"tags":[],"class_list":["post-9188","post","type-post","status-publish","format-standard","has-post-thumbnail","hentry","category-aktuelles"],"_links":{"self":[{"href":"https:\/\/freiheitsdenkmal-leipzig.de\/en\/wp-json\/wp\/v2\/posts\/9188"}],"collection":[{"href":"https:\/\/freiheitsdenkmal-leipzig.de\/en\/wp-json\/wp\/v2\/posts"}],"about":[{"href":"https:\/\/freiheitsdenkmal-leipzig.de\/en\/wp-json\/wp\/v2\/types\/post"}],"author":[{"embeddable":true,"href":"https:\/\/freiheitsdenkmal-leipzig.de\/en\/wp-json\/wp\/v2\/users\/1"}],"replies":[{"embeddable":true,"href":"https:\/\/freiheitsdenkmal-leipzig.de\/en\/wp-json\/wp\/v2\/comments?post=9188"}],"version-history":[{"count":6,"href":"https:\/\/freiheitsdenkmal-leipzig.de\/en\/wp-json\/wp\/v2\/posts\/9188\/revisions"}],"predecessor-version":[{"id":9376,"href":"https:\/\/freiheitsdenkmal-leipzig.de\/en\/wp-json\/wp\/v2\/posts\/9188\/revisions\/9376"}],"wp:featuredmedia":[{"embeddable":true,"href":"https:\/\/freiheitsdenkmal-leipzig.de\/en\/wp-json\/wp\/v2\/media\/9191"}],"wp:attachment":[{"href":"https:\/\/freiheitsdenkmal-leipzig.de\/en\/wp-json\/wp\/v2\/media?parent=9188"}],"wp:term":[{"taxonomy":"category","embeddable":true,"href":"https:\/\/freiheitsdenkmal-leipzig.de\/en\/wp-json\/wp\/v2\/categories?post=9188"},{"taxonomy":"post_tag","embeddable":true,"href":"https:\/\/freiheitsdenkmal-leipzig.de\/en\/wp-json\/wp\/v2\/tags?post=9188"}],"curies":[{"name":"wp","href":"https:\/\/api.w.org\/{rel}","templated":true}]}}