{"id":9369,"date":"2025-06-26T10:22:04","date_gmt":"2025-06-26T10:22:04","guid":{"rendered":"https:\/\/freiheitsdenkmal-leipzig.de\/?p=9369"},"modified":"2025-06-26T10:29:35","modified_gmt":"2025-06-26T10:29:35","slug":"gruenes-licht-fuer-denkmal-2","status":"publish","type":"post","link":"https:\/\/freiheitsdenkmal-leipzig.de\/en\/gruenes-licht-fuer-denkmal-2","title":{"rendered":"9. Oktober: Grundsteinlegung f\u00fcr Freiheits- und Einheitsdenkmal"},"content":{"rendered":"<section  class='av_textblock_section av-lw7h77a1-da9034679ce2bcb47c6a9fd160f6fc5a'   itemscope=\"itemscope\" itemtype=\"https:\/\/schema.org\/BlogPosting\" itemprop=\"blogPost\" ><div class='avia_textblock'  itemprop=\"text\" ><h3>9. Oktober: Grundsteinlegung f\u00fcr das Freiheits- und Einheitsdenkmal in Leipzig auf dem Wilhelm-Leuschner-Platz<\/h3>\n<\/div><\/section>\n<div  class='avia-slideshow av-lw7h45hq-0e7eb0d155d0af648b746ea5bd6c7616 avia-slideshow-featured av_slideshow avia-slide-slider  avia-builder-el-1  el_after_av_textblock  el_before_av_textblock  av-slideshow-ui av-control-default av-slideshow-manual av-loop-once av-loop-manual-endless av-default-height-applied avia-slideshow-1' data-slideshow-options=\"{&quot;animation&quot;:&quot;slide&quot;,&quot;autoplay&quot;:false,&quot;loop_autoplay&quot;:&quot;once&quot;,&quot;interval&quot;:5,&quot;loop_manual&quot;:&quot;manual-endless&quot;,&quot;autoplay_stopper&quot;:false,&quot;noNavigation&quot;:false,&quot;bg_slider&quot;:false,&quot;keep_padding&quot;:false,&quot;hoverpause&quot;:false,&quot;show_slide_delay&quot;:0}\"  itemprop=\"image\" itemscope=\"itemscope\" itemtype=\"https:\/\/schema.org\/ImageObject\" ><ul class='avia-slideshow-inner' style='padding-bottom: 28.666666666667%;'><li  class='avia-slideshow-slide av-lw7h45hq-0e7eb0d155d0af648b746ea5bd6c7616__0  av-single-slide slide-1 slide-odd'><div data-rel='slideshow-1' class='avia-slide-wrap'   ><img decoding=\"async\" fetchpriority=\"high\" class=\"wp-image-9373 avia-img-lazy-loading-not-9373\"  src=\"https:\/\/freiheitsdenkmal-leipzig.de\/wp-content\/uploads\/2025\/06\/FED_BannerFahnenTransparente_fuer_Website-1500x430.jpg\" width=\"1500\" height=\"430\" title='FED_Banner,Fahnen,Transparente_fuer_Website' alt=''  itemprop=\"thumbnailUrl\" srcset=\"https:\/\/freiheitsdenkmal-leipzig.de\/wp-content\/uploads\/2025\/06\/FED_BannerFahnenTransparente_fuer_Website-1500x430.jpg 1500w, https:\/\/freiheitsdenkmal-leipzig.de\/wp-content\/uploads\/2025\/06\/FED_BannerFahnenTransparente_fuer_Website-18x6.jpg 18w\" sizes=\"(max-width: 1500px) 100vw, 1500px\" \/><\/div><\/li><\/ul><\/div>\n<section  class='av_textblock_section av-4r0omd-1ae451fe050191f0201d293ffee77e95'   itemscope=\"itemscope\" itemtype=\"https:\/\/schema.org\/BlogPosting\" itemprop=\"blogPost\" ><div class='avia_textblock'  itemprop=\"text\" ><h3>Grundsteinlegung f\u00fcr das Freiheits- und Einheitsdenkmal in Leipzig<\/h3>\n<h5>9. Oktober 2025 | 20:00 bis 22:00 Uhr, Wilhelm-Leuschner-Platz, Leipzig<\/h5>\n<p>Im Rahmen des Leipziger Lichtfestes laden die Stadt Leipzig und die Stiftung Friedliche Revolution am 9. Oktober herzlich zur feierlichen Grundsteinlegung des Freiheits- und Einheitsdenkmals ein.<\/p>\n<p>Im Anschluss an Friedensgebet, die \u201eRede zur Demokratie&#8220; in der Nikolaikirche und einen \u201eLichtweg&#8220; durch die Innenstadt findet f\u00fcr alle Interessierten von 20 bis 22 Uhr ein festliches B\u00fchnenprogramm mit Musik und Gespr\u00e4chen im Veranstaltungspavillon FREI_RAUM auf dem Wilhelm-Leuschner-Platz statt.<\/p>\n<p>Die Moderation des Abends \u00fcbernimmt die Journalistin Alexandra Gerlach. Sie f\u00fchrt durch das Programm und kommt u.a. mit Vertretern des Bundes, mit dem S\u00e4chsischen Ministerpr\u00e4sidenten Michael Kretschmer, dem Leipziger Oberb\u00fcrgermeister Burkhard Jung, Leipzigs Ehrenb\u00fcrgerin Gesine Oltmanns und der georgisch-deutschen Autorin Nino Haratischwili ins Gespr\u00e4ch.<\/p>\n<p>Musikalischer H\u00f6hepunkt ist die Urauff\u00fchrung des Chorwerkes \u201eUnser Mut wird nah bei uns sein&#8220; in Kooperation mit der Oper Leipzig. 200 Kinder und Jugendliche aus Leipzig und der Partnerstadt Lyon setzen ein musikalisches Zeichen f\u00fcr Freiheit und europ\u00e4ische Verbundenheit.<\/p>\n<p>Die Company der Gerda-Taro-Schule Leipzig bereichert die Grundsteinlegung mit t\u00e4nzerischen Sequenzen.<\/p>\n<p><em>Bilder: Atelier Loidl \/ Meyer, Grzesiak, ZILA \/ rendercircle<\/em><\/p>\n<\/div><\/section>","protected":false},"excerpt":{"rendered":"","protected":false},"author":1,"featured_media":9373,"comment_status":"closed","ping_status":"open","sticky":false,"template":"","format":"standard","meta":{"footnotes":""},"categories":[19],"tags":[],"class_list":["post-9369","post","type-post","status-publish","format-standard","has-post-thumbnail","hentry","category-aktuelles"],"_links":{"self":[{"href":"https:\/\/freiheitsdenkmal-leipzig.de\/en\/wp-json\/wp\/v2\/posts\/9369"}],"collection":[{"href":"https:\/\/freiheitsdenkmal-leipzig.de\/en\/wp-json\/wp\/v2\/posts"}],"about":[{"href":"https:\/\/freiheitsdenkmal-leipzig.de\/en\/wp-json\/wp\/v2\/types\/post"}],"author":[{"embeddable":true,"href":"https:\/\/freiheitsdenkmal-leipzig.de\/en\/wp-json\/wp\/v2\/users\/1"}],"replies":[{"embeddable":true,"href":"https:\/\/freiheitsdenkmal-leipzig.de\/en\/wp-json\/wp\/v2\/comments?post=9369"}],"version-history":[{"count":4,"href":"https:\/\/freiheitsdenkmal-leipzig.de\/en\/wp-json\/wp\/v2\/posts\/9369\/revisions"}],"predecessor-version":[{"id":9371,"href":"https:\/\/freiheitsdenkmal-leipzig.de\/en\/wp-json\/wp\/v2\/posts\/9369\/revisions\/9371"}],"wp:featuredmedia":[{"embeddable":true,"href":"https:\/\/freiheitsdenkmal-leipzig.de\/en\/wp-json\/wp\/v2\/media\/9373"}],"wp:attachment":[{"href":"https:\/\/freiheitsdenkmal-leipzig.de\/en\/wp-json\/wp\/v2\/media?parent=9369"}],"wp:term":[{"taxonomy":"category","embeddable":true,"href":"https:\/\/freiheitsdenkmal-leipzig.de\/en\/wp-json\/wp\/v2\/categories?post=9369"},{"taxonomy":"post_tag","embeddable":true,"href":"https:\/\/freiheitsdenkmal-leipzig.de\/en\/wp-json\/wp\/v2\/tags?post=9369"}],"curies":[{"name":"wp","href":"https:\/\/api.w.org\/{rel}","templated":true}]}}